{"id":45014,"date":"2021-12-09T21:43:57","date_gmt":"2021-12-10T03:43:57","guid":{"rendered":"https:\/\/elreporterohgo.com\/noticias\/?p=45014"},"modified":"2021-12-09T21:43:58","modified_gmt":"2021-12-10T03:43:58","slug":"buscan-crear-ley-del-fondo-metropolitano-para-mejorar-infraestructura-urbana-y-servicios","status":"publish","type":"post","link":"https:\/\/elreporterohgo.com\/noticias\/2021\/12\/09\/buscan-crear-ley-del-fondo-metropolitano-para-mejorar-infraestructura-urbana-y-servicios\/","title":{"rendered":"Buscan crear Ley del Fondo Metropolitano para mejorar infraestructura urbana y servicios"},"content":{"rendered":"\n<figure class=\"wp-block-image\"><img fetchpriority=\"high\" decoding=\"async\" width=\"1024\" height=\"640\" src=\"https::\/\/elreporterohgo.com\/noticias\/wp-content\/uploads\/2021\/12\/Boletin-0721ley-metropolitana-2-1-1024x640.jpeg\" alt=\"\" class=\"wp-image-45015\" srcset=\"https:\/\/elreporterohgo.com\/noticias\/wp-content\/uploads\/2021\/12\/Boletin-0721ley-metropolitana-2-1-1024x640.jpeg 1024w, https:\/\/elreporterohgo.com\/noticias\/wp-content\/uploads\/2021\/12\/Boletin-0721ley-metropolitana-2-1-300x188.jpeg 300w, https:\/\/elreporterohgo.com\/noticias\/wp-content\/uploads\/2021\/12\/Boletin-0721ley-metropolitana-2-1-768x480.jpeg 768w, https:\/\/elreporterohgo.com\/noticias\/wp-content\/uploads\/2021\/12\/Boletin-0721ley-metropolitana-2-1.jpeg 1280w\" sizes=\"(max-width: 1024px) 100vw, 1024px\" \/><\/figure>\n\n\n\n<p><strong>Pachuca de Soto, Hgo.-<\/strong> &nbsp;Los\ndiputados locales del PAN en la Ciudad de M\u00e9xico, Hidalgo y Estado de M\u00e9xico,\npresentaron en sus respectivos Congresos la iniciativa para crear la Ley del\nFondo Metropolitano, con el fin de recuperar los recursos desaparecidos en 2020\npara infraestructura y servicios en beneficio de la poblaci\u00f3n metropolitana.<\/p>\n\n\n\n<p>As\u00ed lo anunciaron en conferencia de prensa los coordinadores\nparlamentarios de Acci\u00f3n Nacional en el Estado de M\u00e9xico, Enrique Vargas del\nVillar; Ciudad de M\u00e9xico, Christian Von Roehrich; e Hidalgo, Rodrigo Castillo,\njunto con la presidenta de la Comisi\u00f3n de Desarrollo Metropolitano del Congreso\nde la Ciudad de M\u00e9xico, Am\u00e9rica Rangel, y la diputada mexiquense, Mar\u00eda de los\n\u00c1ngeles D\u00e1vila.<\/p>\n\n\n\n<p>El coordinador del PAN en el Congreso de Hidalgo, Rodrigo Castillo, dijo\nque es necesario contar con un instrumento legal mediante el cual se obligue al\ngobierno federal destinar recursos anuales a las zonas metropolitanas y que\nregule la aplicaci\u00f3n de los mismos, tambi\u00e9n hizo notar que el Fondo\nMetropolitano ser\u00e1n de gran ayuda para Hidalgo, sobre todo para brindar mejores\nservicios a la poblaci\u00f3n que vive en Tizayuca, tales como agua potable, cuidado\ndel medio ambiente y seguridad p\u00fablica. La iniciativa en Hidalgo, ya ha sido\npresentada por el diputado local representante del sexto distrito durante la\nsesi\u00f3n ordinaria n\u00famero 29.<\/p>\n\n\n\n<p>Por su parte el coordinador de diputados locales del PAN, Enrique Vargas\ndel Villar, destac\u00f3 la importancia de la iniciativa y exigi\u00f3 al gobierno\nfederal m\u00e1s recursos para la Zona Metropolitana de la Ciudad de M\u00e9xico.<\/p>\n\n\n\n<p>En su turno, el coordinador del PAN en el Congreso de la Ciudad de\nM\u00e9xico, Christian Von Roehrich, destac\u00f3 que el objetivo de esta iniciativa es\nelevar a la Ley de Coordinaci\u00f3n el Fondo Metropolitano, con lo cual se obliga\nal gobierno destinar recursos y evitar la discrecionalidad del gobernante en\nturno en la asignaci\u00f3n de los mismos. Tambi\u00e9n se sum\u00f3 al llamado al presidente\nde la Rep\u00fablica y a la suma del todos los grupos parlamentarios en el Congreso\nFederal, para que apoyen la iniciativa para crear la Ley del Fondo\nMetropolitano.<\/p>\n\n\n\n<p>A su vez, la presidenta de la Comisi\u00f3n de Desarrollo Metropolitano del\nCongreso de la Ciudad de M\u00e9xico, Am\u00e9rica Rangel, asegur\u00f3 que es necesario el\nFondo Metropolitano porque los ciudadanos exigen mejores servicios en\nvialidades, transporte p\u00fablico e infraestructura urbana. Destac\u00f3 que la\niniciativa busca mejora la planeaci\u00f3n y la coordinaci\u00f3n entre la federaci\u00f3n y\nlas entidades del pa\u00eds, as\u00ed como establecer un Consejo Rector para definir con\ncriterios t\u00e9cnicos el ejercicio de los recursos p\u00fablicos.<\/p>\n\n\n\n<p>Asimismo, se propone destinar el 30 por ciento del Fondo Metropolitano a\nlas 20 zonas de mayor rezago del pa\u00eds.<\/p>\n\n\n\n<p>Finalmente, la diputada por el Estado de M\u00e9xico, Mar\u00eda de los \u00c1ngeles\nD\u00e1vila, destac\u00f3 que la iniciativa de ley busca establecer reglas claras para el\nejercicio del gasto p\u00fablico y mejora la atenci\u00f3n que se brinda a las\npoblaciones metropolitanas.<\/p>\n","protected":false},"excerpt":{"rendered":"<p>Pachuca de Soto, Hgo.- &nbsp;Los diputados locales del PAN en la Ciudad de M\u00e9xico, Hidalgo y Estado de M\u00e9xico, presentaron en sus respectivos Congresos la iniciativa para crear la Ley del Fondo Metropolitano, con el fin de recuperar los recursos desaparecidos en 2020 para infraestructura y servicios en beneficio de la poblaci\u00f3n metropolitana. As\u00ed lo<\/p>\n","protected":false},"author":2,"featured_media":45015,"comment_status":"open","ping_status":"closed","sticky":false,"template":"","format":"standard","meta":{"footnotes":""},"categories":[10],"tags":[],"class_list":{"0":"post-45014","1":"post","2":"type-post","3":"status-publish","4":"format-standard","5":"has-post-thumbnail","7":"category-hidalgo"},"_links":{"self":[{"href":"https:\/\/elreporterohgo.com\/noticias\/wp-json\/wp\/v2\/posts\/45014","targetHints":{"allow":["GET"]}}],"collection":[{"href":"https:\/\/elreporterohgo.com\/noticias\/wp-json\/wp\/v2\/posts"}],"about":[{"href":"https:\/\/elreporterohgo.com\/noticias\/wp-json\/wp\/v2\/types\/post"}],"author":[{"embeddable":true,"href":"https:\/\/elreporterohgo.com\/noticias\/wp-json\/wp\/v2\/users\/2"}],"replies":[{"embeddable":true,"href":"https:\/\/elreporterohgo.com\/noticias\/wp-json\/wp\/v2\/comments?post=45014"}],"version-history":[{"count":1,"href":"https:\/\/elreporterohgo.com\/noticias\/wp-json\/wp\/v2\/posts\/45014\/revisions"}],"predecessor-version":[{"id":45016,"href":"https:\/\/elreporterohgo.com\/noticias\/wp-json\/wp\/v2\/posts\/45014\/revisions\/45016"}],"wp:featuredmedia":[{"embeddable":true,"href":"https:\/\/elreporterohgo.com\/noticias\/wp-json\/wp\/v2\/media\/45015"}],"wp:attachment":[{"href":"https:\/\/elreporterohgo.com\/noticias\/wp-json\/wp\/v2\/media?parent=45014"}],"wp:term":[{"taxonomy":"category","embeddable":true,"href":"https:\/\/elreporterohgo.com\/noticias\/wp-json\/wp\/v2\/categories?post=45014"},{"taxonomy":"post_tag","embeddable":true,"href":"https:\/\/elreporterohgo.com\/noticias\/wp-json\/wp\/v2\/tags?post=45014"}],"curies":[{"name":"wp","href":"https:\/\/api.w.org\/{rel}","templated":true}]}}