{"id":45005,"date":"2021-12-08T23:12:03","date_gmt":"2021-12-09T05:12:03","guid":{"rendered":"https:\/\/elreporterohgo.com\/noticias\/?p=45005"},"modified":"2021-12-08T23:12:04","modified_gmt":"2021-12-09T05:12:04","slug":"cebaderos-exigen-pago-de-seguro-catastrofico","status":"publish","type":"post","link":"https:\/\/elreporterohgo.com\/noticias\/2021\/12\/08\/cebaderos-exigen-pago-de-seguro-catastrofico\/","title":{"rendered":"Cebaderos exigen pago de seguro catastr\u00f3fico"},"content":{"rendered":"\n<figure class=\"wp-block-image\"><img fetchpriority=\"high\" decoding=\"async\" width=\"612\" height=\"504\" src=\"https::\/\/elreporterohgo.com\/noticias\/wp-content\/uploads\/2021\/12\/bb1500ec-05c3-4231-8bdc-c24e35ebfac8.jpg\" alt=\"\" class=\"wp-image-45006\" srcset=\"https:\/\/elreporterohgo.com\/noticias\/wp-content\/uploads\/2021\/12\/bb1500ec-05c3-4231-8bdc-c24e35ebfac8.jpg 612w, https:\/\/elreporterohgo.com\/noticias\/wp-content\/uploads\/2021\/12\/bb1500ec-05c3-4231-8bdc-c24e35ebfac8-300x247.jpg 300w\" sizes=\"(max-width: 612px) 100vw, 612px\" \/><\/figure>\n\n\n\n<p>Manifestaci\u00f3n\nen oficinas de Desarrollo Agropecuario<\/p>\n\n\n\n<p>Por Juan\nSabino Cruz<\/p>\n\n\n\n<p>APAN, Hgo.- Productores\nde Cebada Maltera que por fen\u00f3menos climatol\u00f3gicos perdieron la cosecha, la\nma\u00f1ana de hoy, se manifestaron para exigir el importe de su seguro.<\/p>\n\n\n\n<p>A las 08:30\nhoras de hoy, mi\u00e9rcoles 8 de diciembre, por lo menos una veintena de productores\nadheridos a la Uni\u00f3n de Organizaciones de Productores Agr\u00edcolas Nacionales\nIndependientes (UOPANI), se plantaron en el acceso a las oficinas de Desarrollo\nAgropecuario Municipal <\/p>\n\n\n\n<p>Con pancartas\nexpresaban su inconformidad y exigieron &nbsp;el\npago del importe del seguro por sus cultivos siniestrados, al parecer ahora por\nexceso de agua.<\/p>\n\n\n\n<p>Piden a\nCarlos Mu\u00f1iz, Secretario de Agricultura no ser c\u00f3mplice y cumplan a los\ncampesinos.<\/p>\n","protected":false},"excerpt":{"rendered":"<p>Manifestaci\u00f3n en oficinas de Desarrollo Agropecuario Por Juan Sabino Cruz APAN, Hgo.- Productores de Cebada Maltera que por fen\u00f3menos climatol\u00f3gicos perdieron la cosecha, la ma\u00f1ana de hoy, se manifestaron para exigir el importe de su seguro. A las 08:30 horas de hoy, mi\u00e9rcoles 8 de diciembre, por lo menos una veintena de productores adheridos a<\/p>\n","protected":false},"author":2,"featured_media":45006,"comment_status":"open","ping_status":"closed","sticky":false,"template":"","format":"standard","meta":{"footnotes":""},"categories":[10],"tags":[],"class_list":{"0":"post-45005","1":"post","2":"type-post","3":"status-publish","4":"format-standard","5":"has-post-thumbnail","7":"category-hidalgo"},"_links":{"self":[{"href":"https:\/\/elreporterohgo.com\/noticias\/wp-json\/wp\/v2\/posts\/45005","targetHints":{"allow":["GET"]}}],"collection":[{"href":"https:\/\/elreporterohgo.com\/noticias\/wp-json\/wp\/v2\/posts"}],"about":[{"href":"https:\/\/elreporterohgo.com\/noticias\/wp-json\/wp\/v2\/types\/post"}],"author":[{"embeddable":true,"href":"https:\/\/elreporterohgo.com\/noticias\/wp-json\/wp\/v2\/users\/2"}],"replies":[{"embeddable":true,"href":"https:\/\/elreporterohgo.com\/noticias\/wp-json\/wp\/v2\/comments?post=45005"}],"version-history":[{"count":1,"href":"https:\/\/elreporterohgo.com\/noticias\/wp-json\/wp\/v2\/posts\/45005\/revisions"}],"predecessor-version":[{"id":45007,"href":"https:\/\/elreporterohgo.com\/noticias\/wp-json\/wp\/v2\/posts\/45005\/revisions\/45007"}],"wp:featuredmedia":[{"embeddable":true,"href":"https:\/\/elreporterohgo.com\/noticias\/wp-json\/wp\/v2\/media\/45006"}],"wp:attachment":[{"href":"https:\/\/elreporterohgo.com\/noticias\/wp-json\/wp\/v2\/media?parent=45005"}],"wp:term":[{"taxonomy":"category","embeddable":true,"href":"https:\/\/elreporterohgo.com\/noticias\/wp-json\/wp\/v2\/categories?post=45005"},{"taxonomy":"post_tag","embeddable":true,"href":"https:\/\/elreporterohgo.com\/noticias\/wp-json\/wp\/v2\/tags?post=45005"}],"curies":[{"name":"wp","href":"https:\/\/api.w.org\/{rel}","templated":true}]}}