{"id":44999,"date":"2021-12-08T19:34:29","date_gmt":"2021-12-09T01:34:29","guid":{"rendered":"https:\/\/elreporterohgo.com\/noticias\/?p=44999"},"modified":"2021-12-08T19:34:30","modified_gmt":"2021-12-09T01:34:30","slug":"cronica-de-un-secuestro-express","status":"publish","type":"post","link":"https:\/\/elreporterohgo.com\/noticias\/2021\/12\/08\/cronica-de-un-secuestro-express\/","title":{"rendered":"\u201cCr\u00f3nica de un secuestro express\u00bb"},"content":{"rendered":"\n<figure class=\"wp-block-image\"><img fetchpriority=\"high\" decoding=\"async\" width=\"1024\" height=\"683\" src=\"https::\/\/elreporterohgo.com\/noticias\/wp-content\/uploads\/2021\/12\/08.12.2021-Presentaci\u00f3n-libro-Cr\u00f3nica-de-un-secuestro-express-2-1024x683.jpg\" alt=\"\" class=\"wp-image-45000\" srcset=\"https:\/\/elreporterohgo.com\/noticias\/wp-content\/uploads\/2021\/12\/08.12.2021-Presentaci\u00f3n-libro-Cr\u00f3nica-de-un-secuestro-express-2-1024x683.jpg 1024w, https:\/\/elreporterohgo.com\/noticias\/wp-content\/uploads\/2021\/12\/08.12.2021-Presentaci\u00f3n-libro-Cr\u00f3nica-de-un-secuestro-express-2-300x200.jpg 300w, https:\/\/elreporterohgo.com\/noticias\/wp-content\/uploads\/2021\/12\/08.12.2021-Presentaci\u00f3n-libro-Cr\u00f3nica-de-un-secuestro-express-2-768x512.jpg 768w\" sizes=\"(max-width: 1024px) 100vw, 1024px\" \/><\/figure>\n\n\n\n<p><strong>Entre el perd\u00f3n y el olvido<\/strong><\/p>\n\n\n\n<p><\/p>\n\n\n\n<p>Pachuca, Hgo.- Como parte de los 16 d\u00eda de activismo, en el marco del 25 de noviembre, \u00abD\u00eda Internacional de la Eliminaci\u00f3n de la Violencia Contra la Mujer\u00bb, Mar\u00eda del Carmen Arias Ruiz, autora del libro citado y titular de la Unidad Institucional de G\u00e9nero del Congreso del Estado, invit\u00f3 a conocer la historia que vivi\u00f3 durante un secuestro, donde hubo todo tipo de agresiones, y que, \u201cNo termina la violencia hasta que te libera\u201d. <\/p>\n\n\n\n<p>En la presentaci\u00f3n del libro \u201cCr\u00f3nica de un Secuestro Express\u201d entre el perd\u00f3n y el olvido, Irene Nayeli Hern\u00e1ndez Ballesteros maestra en desarrollo social de la Academia Nacional de Investigaci\u00f3n en Trabajo Social (ACANITS) abord\u00f3 diferentes temas como, las situaciones que vive un ser humano, despu\u00e9s de haber sido privado de su libertad, aprender a vivir luego de experimentar el enojo, tristeza, ansiedad; emociones que llevan a comprender la introspecci\u00f3n de uno mismo.<\/p>\n\n\n\n<p>La ponente explic\u00f3 que, el libro de acuerdo a la experiencia de un secuestro vivido por la autora Mar\u00eda del Carmen Arias, brinda nuevas perspectivas, de c\u00f3mo generar un proceso para aprender a disculpar, y tener una calidad de vida y bienestar, as\u00ed como entender y comprender las problem\u00e1ticas sociales, \u201cEste libro ha ayudado a muchas personas, que pensaron en un suicidio, a cambiar la forma de pensar y generar cambios a nivel personal\u201d.<\/p>\n\n\n\n<p>Tambi\u00e9n, durante la presentaci\u00f3n del libro citado, estuvo como invitada Selene Olvera Nieto, Presidenta Nacional de Asociaci\u00f3n Transformando M\u00e9xico y coordinadora del Estado de Hidalgo, quien comparti\u00f3 la vivencia de Rebeca cuando fue presa de sus secuestradores, y de quien reconoci\u00f3 como una mujer que de acuerdo a lo vivido aprendi\u00f3 a perdonar a sus agresores, dejando el mensaje, \u201cEstar alerta en nuestro alrededor y hacer caso a los presentimientos, porque hay algo que la voz te dice ten cuidado, no vayas por ah\u00ed que nos puede cambiar la vida\u201d.<\/p>\n\n\n\n<p>La autora del libro Mar\u00eda del Carmen Arias, agradeci\u00f3 a Francisco Xavier Berganza Escorza, presidente de la Junta de Gobierno del Congreso del Estado, y a las y los diputadas y diputados por la suma de esfuerzos al llevar a cabo los 16 d\u00edas de activismo, as\u00ed como a las trabajadoras de cada una de las \u00e1reas por asistir a cada una de las ponencias que se han llevado a cabo desde el 25 de noviembre.<\/p>\n\n\n\n<p>Por su parte, la diputada Tania Baldes Cuellar, quien ha participado en las conferencias a lo largo de 14 d\u00edas, presentadas en el lobby del Poder Legislativo, a fin de que las mujeres conozcan la violencia que hay en varios espacios como la pol\u00edtica, econ\u00f3mica, \u201cNos permite que, a trav\u00e9s de las redes sociales, muchas de nosotras estemos sumadas a una causa y decirles que no est\u00e1n solas\u201d<\/p>\n\n\n\n<p>Al finalizar el evento, fueron entregados reconocimientos por su participaci\u00f3n a directoras de instancias municipales para el desarrollo de las mujeres y de activistas del estado.<br><\/p>\n","protected":false},"excerpt":{"rendered":"<p>Entre el perd\u00f3n y el olvido Pachuca, Hgo.- Como parte de los 16 d\u00eda de activismo, en el marco del 25 de noviembre, \u00abD\u00eda Internacional de la Eliminaci\u00f3n de la Violencia Contra la Mujer\u00bb, Mar\u00eda del Carmen Arias Ruiz, autora del libro citado y titular de la Unidad Institucional de G\u00e9nero del Congreso del Estado,<\/p>\n","protected":false},"author":2,"featured_media":45000,"comment_status":"open","ping_status":"closed","sticky":false,"template":"","format":"standard","meta":{"footnotes":""},"categories":[10],"tags":[],"class_list":{"0":"post-44999","1":"post","2":"type-post","3":"status-publish","4":"format-standard","5":"has-post-thumbnail","7":"category-hidalgo"},"_links":{"self":[{"href":"https:\/\/elreporterohgo.com\/noticias\/wp-json\/wp\/v2\/posts\/44999","targetHints":{"allow":["GET"]}}],"collection":[{"href":"https:\/\/elreporterohgo.com\/noticias\/wp-json\/wp\/v2\/posts"}],"about":[{"href":"https:\/\/elreporterohgo.com\/noticias\/wp-json\/wp\/v2\/types\/post"}],"author":[{"embeddable":true,"href":"https:\/\/elreporterohgo.com\/noticias\/wp-json\/wp\/v2\/users\/2"}],"replies":[{"embeddable":true,"href":"https:\/\/elreporterohgo.com\/noticias\/wp-json\/wp\/v2\/comments?post=44999"}],"version-history":[{"count":1,"href":"https:\/\/elreporterohgo.com\/noticias\/wp-json\/wp\/v2\/posts\/44999\/revisions"}],"predecessor-version":[{"id":45001,"href":"https:\/\/elreporterohgo.com\/noticias\/wp-json\/wp\/v2\/posts\/44999\/revisions\/45001"}],"wp:featuredmedia":[{"embeddable":true,"href":"https:\/\/elreporterohgo.com\/noticias\/wp-json\/wp\/v2\/media\/45000"}],"wp:attachment":[{"href":"https:\/\/elreporterohgo.com\/noticias\/wp-json\/wp\/v2\/media?parent=44999"}],"wp:term":[{"taxonomy":"category","embeddable":true,"href":"https:\/\/elreporterohgo.com\/noticias\/wp-json\/wp\/v2\/categories?post=44999"},{"taxonomy":"post_tag","embeddable":true,"href":"https:\/\/elreporterohgo.com\/noticias\/wp-json\/wp\/v2\/tags?post=44999"}],"curies":[{"name":"wp","href":"https:\/\/api.w.org\/{rel}","templated":true}]}}