{"id":44972,"date":"2021-12-07T21:51:42","date_gmt":"2021-12-08T03:51:42","guid":{"rendered":"https:\/\/elreporterohgo.com\/noticias\/?p=44972"},"modified":"2021-12-07T21:54:00","modified_gmt":"2021-12-08T03:54:00","slug":"vincular-a-9-personas-relacionadas-con-la-fuga-de-ppl-en-tula","status":"publish","type":"post","link":"https:\/\/elreporterohgo.com\/noticias\/2021\/12\/07\/vincular-a-9-personas-relacionadas-con-la-fuga-de-ppl-en-tula\/","title":{"rendered":"Vinculan a 9 personas relacionadas con la fuga de PPL en Tula"},"content":{"rendered":"\n<div class=\"wp-block-image\"><figure class=\"alignleft is-resized\"><img decoding=\"async\" src=\"https::\/\/elreporterohgo.com\/noticias\/wp-content\/uploads\/2021\/12\/tula.jpg\" alt=\"\" class=\"wp-image-44973\" width=\"237\" height=\"178\" srcset=\"https:\/\/elreporterohgo.com\/noticias\/wp-content\/uploads\/2021\/12\/tula.jpg 800w, https:\/\/elreporterohgo.com\/noticias\/wp-content\/uploads\/2021\/12\/tula-300x225.jpg 300w, https:\/\/elreporterohgo.com\/noticias\/wp-content\/uploads\/2021\/12\/tula-768x576.jpg 768w\" sizes=\"(max-width: 237px) 100vw, 237px\" \/><\/figure><\/div>\n\n\n\n<p>La Procuradur\u00eda General de Justicia del Estado de Hidalgo (PGJEH), obtuvo la vinculaci\u00f3n a proceso para nueve personas, entre ellas un adolescente, quienes enfrentan investigaciones por los hechos previstos como delitos de homicidio calificado en grado de tentativa y evasi\u00f3n de presos con doble agravante, ocurridos en Tula de Allende. <\/p>\n\n\n\n<p>Los\nhechos que fueron imputados a los probables identificados con las iniciales B.\nA. A. R., V. O. C., C. S. V., D. H. C., M. A. O. N., J. L. V. C., J. M. C. C.,\nJ. A. R. A., y al adolescente, de quien se omite su identidad por razones\nlegales, sucedieron la madrugada del pasado 1 de diciembre de 2021, en el\nCentro de Readaptaci\u00f3n Social (CERESO), ubicado en la colonia La Malinche, del\ncitado municipio, de donde se evadieron nueve internos.<\/p>\n\n\n\n<p>En las acciones para escapar de prisi\u00f3n, quienes permanec\u00edan privadas de su libertad tuvieron la ayuda de un grupo de personas que con violencia, uso de veh\u00edculos y\u00a0 armas de fuego ingresaron a dicho penal.<\/p>\n\n\n\n<p><\/p>\n\n\n\n<div class=\"wp-block-image\"><figure class=\"aligncenter\"><img fetchpriority=\"high\" decoding=\"async\" width=\"1024\" height=\"640\" src=\"https::\/\/elreporterohgo.com\/noticias\/wp-content\/uploads\/2021\/12\/tula-2-1024x640.jpg\" alt=\"\" class=\"wp-image-44974\" srcset=\"https:\/\/elreporterohgo.com\/noticias\/wp-content\/uploads\/2021\/12\/tula-2-1024x640.jpg 1024w, https:\/\/elreporterohgo.com\/noticias\/wp-content\/uploads\/2021\/12\/tula-2-300x188.jpg 300w, https:\/\/elreporterohgo.com\/noticias\/wp-content\/uploads\/2021\/12\/tula-2-768x480.jpg 768w, https:\/\/elreporterohgo.com\/noticias\/wp-content\/uploads\/2021\/12\/tula-2.jpg 1200w\" sizes=\"(max-width: 1024px) 100vw, 1024px\" \/><\/figure><\/div>\n\n\n\n<p>La\nautoridad judicial estableci\u00f3 un plazo de tres meses para el cierre de la\ninvestigaci\u00f3n complementaria.<\/p>\n","protected":false},"excerpt":{"rendered":"<p>La Procuradur\u00eda General de Justicia del Estado de Hidalgo (PGJEH), obtuvo la vinculaci\u00f3n a proceso para nueve personas, entre ellas un adolescente, quienes enfrentan investigaciones por los hechos previstos como delitos de homicidio calificado en grado de tentativa y evasi\u00f3n de presos con doble agravante, ocurridos en Tula de Allende. Los hechos que fueron imputados<\/p>\n","protected":false},"author":2,"featured_media":44974,"comment_status":"open","ping_status":"closed","sticky":false,"template":"","format":"standard","meta":{"footnotes":""},"categories":[10],"tags":[],"class_list":{"0":"post-44972","1":"post","2":"type-post","3":"status-publish","4":"format-standard","5":"has-post-thumbnail","7":"category-hidalgo"},"_links":{"self":[{"href":"https:\/\/elreporterohgo.com\/noticias\/wp-json\/wp\/v2\/posts\/44972","targetHints":{"allow":["GET"]}}],"collection":[{"href":"https:\/\/elreporterohgo.com\/noticias\/wp-json\/wp\/v2\/posts"}],"about":[{"href":"https:\/\/elreporterohgo.com\/noticias\/wp-json\/wp\/v2\/types\/post"}],"author":[{"embeddable":true,"href":"https:\/\/elreporterohgo.com\/noticias\/wp-json\/wp\/v2\/users\/2"}],"replies":[{"embeddable":true,"href":"https:\/\/elreporterohgo.com\/noticias\/wp-json\/wp\/v2\/comments?post=44972"}],"version-history":[{"count":2,"href":"https:\/\/elreporterohgo.com\/noticias\/wp-json\/wp\/v2\/posts\/44972\/revisions"}],"predecessor-version":[{"id":44976,"href":"https:\/\/elreporterohgo.com\/noticias\/wp-json\/wp\/v2\/posts\/44972\/revisions\/44976"}],"wp:featuredmedia":[{"embeddable":true,"href":"https:\/\/elreporterohgo.com\/noticias\/wp-json\/wp\/v2\/media\/44974"}],"wp:attachment":[{"href":"https:\/\/elreporterohgo.com\/noticias\/wp-json\/wp\/v2\/media?parent=44972"}],"wp:term":[{"taxonomy":"category","embeddable":true,"href":"https:\/\/elreporterohgo.com\/noticias\/wp-json\/wp\/v2\/categories?post=44972"},{"taxonomy":"post_tag","embeddable":true,"href":"https:\/\/elreporterohgo.com\/noticias\/wp-json\/wp\/v2\/tags?post=44972"}],"curies":[{"name":"wp","href":"https:\/\/api.w.org\/{rel}","templated":true}]}}