{"id":44963,"date":"2021-12-07T21:24:34","date_gmt":"2021-12-08T03:24:34","guid":{"rendered":"https:\/\/elreporterohgo.com\/noticias\/?p=44963"},"modified":"2021-12-08T13:38:35","modified_gmt":"2021-12-08T19:38:35","slug":"almoloya-invita-a-la-fiesta-patronal-de-la-santisima-concepcion","status":"publish","type":"post","link":"https:\/\/elreporterohgo.com\/noticias\/2021\/12\/07\/almoloya-invita-a-la-fiesta-patronal-de-la-santisima-concepcion\/","title":{"rendered":"Almoloya invita a la fiesta patronal de la Sant\u00edsima Concepci\u00f3n"},"content":{"rendered":"\n<figure class=\"wp-block-image\"><img fetchpriority=\"high\" decoding=\"async\" width=\"1024\" height=\"642\" src=\"https::\/\/elreporterohgo.com\/noticias\/wp-content\/uploads\/2021\/12\/61ef8e3a-a2b2-4cda-ae35-23512e06dbaa-1024x642.jpg\" alt=\"\" class=\"wp-image-44964\" srcset=\"https:\/\/elreporterohgo.com\/noticias\/wp-content\/uploads\/2021\/12\/61ef8e3a-a2b2-4cda-ae35-23512e06dbaa-1024x642.jpg 1024w, https:\/\/elreporterohgo.com\/noticias\/wp-content\/uploads\/2021\/12\/61ef8e3a-a2b2-4cda-ae35-23512e06dbaa-300x188.jpg 300w, https:\/\/elreporterohgo.com\/noticias\/wp-content\/uploads\/2021\/12\/61ef8e3a-a2b2-4cda-ae35-23512e06dbaa-768x482.jpg 768w, https:\/\/elreporterohgo.com\/noticias\/wp-content\/uploads\/2021\/12\/61ef8e3a-a2b2-4cda-ae35-23512e06dbaa.jpg 1280w\" sizes=\"(max-width: 1024px) 100vw, 1024px\" \/><\/figure>\n\n\n\n<figure class=\"wp-block-image\"><img decoding=\"async\" width=\"1024\" height=\"576\" src=\"https::\/\/elreporterohgo.com\/noticias\/wp-content\/uploads\/2021\/12\/7832e72a-c1ca-4116-82e1-1327c20bdcc4-1024x576.jpg\" alt=\"\" class=\"wp-image-44965\" srcset=\"https:\/\/elreporterohgo.com\/noticias\/wp-content\/uploads\/2021\/12\/7832e72a-c1ca-4116-82e1-1327c20bdcc4-1024x576.jpg 1024w, https:\/\/elreporterohgo.com\/noticias\/wp-content\/uploads\/2021\/12\/7832e72a-c1ca-4116-82e1-1327c20bdcc4-300x169.jpg 300w, https:\/\/elreporterohgo.com\/noticias\/wp-content\/uploads\/2021\/12\/7832e72a-c1ca-4116-82e1-1327c20bdcc4-768x432.jpg 768w, https:\/\/elreporterohgo.com\/noticias\/wp-content\/uploads\/2021\/12\/7832e72a-c1ca-4116-82e1-1327c20bdcc4.jpg 1280w\" sizes=\"(max-width: 1024px) 100vw, 1024px\" \/><\/figure>\n\n\n\n<p>Hoy, actividades con medidas sanitarias<\/p>\n\n\n\n<p>Por Gerardo Sol<\/p>\n\n\n\n<p>ALMOLOYA, HGO.- Las autoridades municipales hacen una invitaci\u00f3n a la poblaci\u00f3n en general a visitar la iglesia de la milagrosa virgen de la Sant\u00edsima concepci\u00f3n que, hoy, mi\u00e9rcoles, celebra su d\u00eda con el cl\u00e1sico y agradable ambiente de provincia<\/p>\n\n\n\n<p>Blanca Margarita Ram\u00edrez, Presidenta Municipal de Almoloya,\ndio a conocer que la celebraci\u00f3n de la Santa Patrona del Municipio es el inicio\nde una nueva normalidad donde se volver\u00e1 a las actividades diarias cuidando siempre\nlas medidas sanitarias para evitar contagios de Covid 19 en sus diferentes\nvariantes.<\/p>\n\n\n\n<p>Explic\u00f3 que ma\u00f1ana habr\u00e1 una feria popular, sin embardo, se\nrecomienda a la gente usar cubre-boca, lavarse las manos con agua y jab\u00f3n,\nmantener la sana distancia y todas las recomendaciones que han recomendado las\nautoridades sanitarias.<\/p>\n\n\n\n<p>La alcaldesa presento e programa de actividades para el d\u00eda\nde fiesta, as\u00ed como los cambios a la circulaci\u00f3n vehicular para evitar\ncongestionamientos en el centro de la ciudad.<\/p>\n\n\n\n<p>&nbsp;El d\u00eda de hoy, se hab\u00eda\ncerrado la circulaci\u00f3n vehicular en algunas calles y los puestos de golosinas y\nantojitos empezaban a ser instalados a un costado del manantial.<\/p>\n\n\n\n<p>La invitaci\u00f3n est\u00e1 abierta para que todos acudan a disfrutar el sano ambiente de provincia en Almoloya, inclusive, sentirse consentidos por la calidad y calidez de su gente que recibe con benepl\u00e1cito a los visitantes. <\/p>\n\n\n\n<figure class=\"wp-block-image\"><img decoding=\"async\" width=\"734\" height=\"1024\" src=\"https::\/\/elreporterohgo.com\/noticias\/wp-content\/uploads\/2021\/12\/d7048fc0-3ecc-4303-8f52-0c8a7ffad17a-734x1024.jpg\" alt=\"\" class=\"wp-image-44966\" srcset=\"https:\/\/elreporterohgo.com\/noticias\/wp-content\/uploads\/2021\/12\/d7048fc0-3ecc-4303-8f52-0c8a7ffad17a-734x1024.jpg 734w, https:\/\/elreporterohgo.com\/noticias\/wp-content\/uploads\/2021\/12\/d7048fc0-3ecc-4303-8f52-0c8a7ffad17a-215x300.jpg 215w, https:\/\/elreporterohgo.com\/noticias\/wp-content\/uploads\/2021\/12\/d7048fc0-3ecc-4303-8f52-0c8a7ffad17a-768x1072.jpg 768w, https:\/\/elreporterohgo.com\/noticias\/wp-content\/uploads\/2021\/12\/d7048fc0-3ecc-4303-8f52-0c8a7ffad17a.jpg 917w\" sizes=\"(max-width: 734px) 100vw, 734px\" \/><\/figure>\n","protected":false},"excerpt":{"rendered":"<p>Hoy, actividades con medidas sanitarias Por Gerardo Sol ALMOLOYA, HGO.- Las autoridades municipales hacen una invitaci\u00f3n a la poblaci\u00f3n en general a visitar la iglesia de la milagrosa virgen de la Sant\u00edsima concepci\u00f3n que, hoy, mi\u00e9rcoles, celebra su d\u00eda con el cl\u00e1sico y agradable ambiente de provincia Blanca Margarita Ram\u00edrez, Presidenta Municipal de Almoloya, dio<\/p>\n","protected":false},"author":2,"featured_media":44964,"comment_status":"open","ping_status":"closed","sticky":false,"template":"","format":"standard","meta":{"footnotes":""},"categories":[10],"tags":[],"class_list":{"0":"post-44963","1":"post","2":"type-post","3":"status-publish","4":"format-standard","5":"has-post-thumbnail","7":"category-hidalgo"},"_links":{"self":[{"href":"https:\/\/elreporterohgo.com\/noticias\/wp-json\/wp\/v2\/posts\/44963","targetHints":{"allow":["GET"]}}],"collection":[{"href":"https:\/\/elreporterohgo.com\/noticias\/wp-json\/wp\/v2\/posts"}],"about":[{"href":"https:\/\/elreporterohgo.com\/noticias\/wp-json\/wp\/v2\/types\/post"}],"author":[{"embeddable":true,"href":"https:\/\/elreporterohgo.com\/noticias\/wp-json\/wp\/v2\/users\/2"}],"replies":[{"embeddable":true,"href":"https:\/\/elreporterohgo.com\/noticias\/wp-json\/wp\/v2\/comments?post=44963"}],"version-history":[{"count":3,"href":"https:\/\/elreporterohgo.com\/noticias\/wp-json\/wp\/v2\/posts\/44963\/revisions"}],"predecessor-version":[{"id":44988,"href":"https:\/\/elreporterohgo.com\/noticias\/wp-json\/wp\/v2\/posts\/44963\/revisions\/44988"}],"wp:featuredmedia":[{"embeddable":true,"href":"https:\/\/elreporterohgo.com\/noticias\/wp-json\/wp\/v2\/media\/44964"}],"wp:attachment":[{"href":"https:\/\/elreporterohgo.com\/noticias\/wp-json\/wp\/v2\/media?parent=44963"}],"wp:term":[{"taxonomy":"category","embeddable":true,"href":"https:\/\/elreporterohgo.com\/noticias\/wp-json\/wp\/v2\/categories?post=44963"},{"taxonomy":"post_tag","embeddable":true,"href":"https:\/\/elreporterohgo.com\/noticias\/wp-json\/wp\/v2\/tags?post=44963"}],"curies":[{"name":"wp","href":"https:\/\/api.w.org\/{rel}","templated":true}]}}