{"id":44956,"date":"2021-12-06T21:18:15","date_gmt":"2021-12-07T03:18:15","guid":{"rendered":"https:\/\/elreporterohgo.com\/noticias\/?p=44956"},"modified":"2021-12-06T21:18:15","modified_gmt":"2021-12-07T03:18:15","slug":"automovilista-cayo-al-barranco","status":"publish","type":"post","link":"https:\/\/elreporterohgo.com\/noticias\/2021\/12\/06\/automovilista-cayo-al-barranco\/","title":{"rendered":"Automovilista cay\u00f3 al barranco"},"content":{"rendered":"\n<figure class=\"wp-block-image\"><img fetchpriority=\"high\" decoding=\"async\" width=\"768\" height=\"1024\" src=\"https::\/\/elreporterohgo.com\/noticias\/wp-content\/uploads\/2021\/12\/6fa74aca-054a-4648-a366-2614119fefb8-768x1024.jpg\" alt=\"\" class=\"wp-image-44957\" srcset=\"https:\/\/elreporterohgo.com\/noticias\/wp-content\/uploads\/2021\/12\/6fa74aca-054a-4648-a366-2614119fefb8-768x1024.jpg 768w, https:\/\/elreporterohgo.com\/noticias\/wp-content\/uploads\/2021\/12\/6fa74aca-054a-4648-a366-2614119fefb8-225x300.jpg 225w, https:\/\/elreporterohgo.com\/noticias\/wp-content\/uploads\/2021\/12\/6fa74aca-054a-4648-a366-2614119fefb8.jpg 1200w\" sizes=\"(max-width: 768px) 100vw, 768px\" \/><\/figure>\n\n\n\n<p>Herido fue ingresado al Hospital del Altiplano<\/p>\n\n\n\n<p>APAN, HGO.- Un hombre perdi\u00f3 el camin\u00f3 y cay\u00f3 a un barranco, la\nmadrugada de hoy, en la popular colonia El Mirador, afortunadamente el\nconductor esta fuera de peligro y todo qued\u00f3 en da\u00f1os materiales.<\/p>\n\n\n\n<p>Despu\u00e9s de la una de la ma\u00f1ana de hoy, la central de radio de\nSeguridad Municipal report\u00f3 que un veh\u00edculo se fue al Carranco de la citada\ncolonia.<\/p>\n\n\n\n<p>Los uniformados llegaron al lugar donde fueron atendidos por un\ngrupo de vecinos que les indican el lugar del accidente.<\/p>\n\n\n\n<p>Explicaron que Valent\u00f3n \u201cN\u201d, de 39 a\u00f1os, vecino de Pachuca,\nlleg\u00f3 de visita y al no conocer el camino se fue al barranco de aguas\npluviales.<\/p>\n\n\n\n<p>Param\u00e9dicos de Protecci\u00f3n Civil rescataron al conductor, le\nbrindaron los primeros auxilios y los ingresaron al Hospital General del\nAltiplano para que reciba atenci\u00f3n m\u00e9dica.<\/p>\n","protected":false},"excerpt":{"rendered":"<p>Herido fue ingresado al Hospital del Altiplano APAN, HGO.- Un hombre perdi\u00f3 el camin\u00f3 y cay\u00f3 a un barranco, la madrugada de hoy, en la popular colonia El Mirador, afortunadamente el conductor esta fuera de peligro y todo qued\u00f3 en da\u00f1os materiales. Despu\u00e9s de la una de la ma\u00f1ana de hoy, la central de radio<\/p>\n","protected":false},"author":2,"featured_media":44957,"comment_status":"open","ping_status":"closed","sticky":false,"template":"","format":"standard","meta":{"footnotes":""},"categories":[10],"tags":[],"class_list":{"0":"post-44956","1":"post","2":"type-post","3":"status-publish","4":"format-standard","5":"has-post-thumbnail","7":"category-hidalgo"},"_links":{"self":[{"href":"https:\/\/elreporterohgo.com\/noticias\/wp-json\/wp\/v2\/posts\/44956","targetHints":{"allow":["GET"]}}],"collection":[{"href":"https:\/\/elreporterohgo.com\/noticias\/wp-json\/wp\/v2\/posts"}],"about":[{"href":"https:\/\/elreporterohgo.com\/noticias\/wp-json\/wp\/v2\/types\/post"}],"author":[{"embeddable":true,"href":"https:\/\/elreporterohgo.com\/noticias\/wp-json\/wp\/v2\/users\/2"}],"replies":[{"embeddable":true,"href":"https:\/\/elreporterohgo.com\/noticias\/wp-json\/wp\/v2\/comments?post=44956"}],"version-history":[{"count":1,"href":"https:\/\/elreporterohgo.com\/noticias\/wp-json\/wp\/v2\/posts\/44956\/revisions"}],"predecessor-version":[{"id":44958,"href":"https:\/\/elreporterohgo.com\/noticias\/wp-json\/wp\/v2\/posts\/44956\/revisions\/44958"}],"wp:featuredmedia":[{"embeddable":true,"href":"https:\/\/elreporterohgo.com\/noticias\/wp-json\/wp\/v2\/media\/44957"}],"wp:attachment":[{"href":"https:\/\/elreporterohgo.com\/noticias\/wp-json\/wp\/v2\/media?parent=44956"}],"wp:term":[{"taxonomy":"category","embeddable":true,"href":"https:\/\/elreporterohgo.com\/noticias\/wp-json\/wp\/v2\/categories?post=44956"},{"taxonomy":"post_tag","embeddable":true,"href":"https:\/\/elreporterohgo.com\/noticias\/wp-json\/wp\/v2\/tags?post=44956"}],"curies":[{"name":"wp","href":"https:\/\/api.w.org\/{rel}","templated":true}]}}