{"id":44922,"date":"2021-12-05T12:56:03","date_gmt":"2021-12-05T18:56:03","guid":{"rendered":"https:\/\/elreporterohgo.com\/noticias\/?p=44922"},"modified":"2021-12-05T12:56:35","modified_gmt":"2021-12-05T18:56:35","slug":"capturan-y-ponen-tras-las-rejas-a-dos-secuestradsores","status":"publish","type":"post","link":"https:\/\/elreporterohgo.com\/noticias\/2021\/12\/05\/capturan-y-ponen-tras-las-rejas-a-dos-secuestradsores\/","title":{"rendered":"Capturan y ponen tras las rejas a dos secuestradores"},"content":{"rendered":"\n<p>Estar\u00e1n un buen rato a la sombre<\/p>\n\n\n\n<figure class=\"wp-block-image\"><img fetchpriority=\"high\" decoding=\"async\" width=\"1024\" height=\"682\" src=\"https::\/\/elreporterohgo.com\/noticias\/wp-content\/uploads\/2021\/12\/916ba557-1aa6-49b6-ba39-905e2d743a29-1024x682.jpg\" alt=\"\" class=\"wp-image-44923\" srcset=\"https:\/\/elreporterohgo.com\/noticias\/wp-content\/uploads\/2021\/12\/916ba557-1aa6-49b6-ba39-905e2d743a29-1024x682.jpg 1024w, https:\/\/elreporterohgo.com\/noticias\/wp-content\/uploads\/2021\/12\/916ba557-1aa6-49b6-ba39-905e2d743a29-300x200.jpg 300w, https:\/\/elreporterohgo.com\/noticias\/wp-content\/uploads\/2021\/12\/916ba557-1aa6-49b6-ba39-905e2d743a29-768x512.jpg 768w, https:\/\/elreporterohgo.com\/noticias\/wp-content\/uploads\/2021\/12\/916ba557-1aa6-49b6-ba39-905e2d743a29.jpg 1280w\" sizes=\"(max-width: 1024px) 100vw, 1024px\" \/><\/figure>\n\n\n\n<p>PACHUCA, Hgo.- Investigaciones\nde agentes del Ministerio P\u00fablico adscritos a la Unidad Especializada en el\nCombate al Secuestro (UECS) de la Procuradur\u00eda General de Justicia del Estado\nde Hidalgo (PGJEH), sirvieron para que un juez de control dictara auto de\nvinculaci\u00f3n a proceso para dos personas por secuestro agravado.<\/p>\n\n\n\n<p>Los hechos que les son\nimputados a Juan Antonio \u201cN\u201d y Enrique \u201cN\u201d,&nbsp;\nocurrieron el 12 noviembre en Tolcayuca, cuando personas allegadas a la\nv\u00edctima recibieron un video en el que el agraviado fue obligado a pedir a su\nfamilia que pagara un rescate a cambio de su libertad.<\/p>\n\n\n\n<p>De inmediato las v\u00edctimas\nindirectas, denunciaron ante el Ministerio P\u00fablico y as\u00ed la PGJEH inici\u00f3 la\ncarpeta de investigaci\u00f3n de la que se hicieron cargo agentes de la UECS.<\/p>\n\n\n\n<p>Con base en labores de\ninteligencia y un operativo t\u00e1ctico, se logr\u00f3 el rescate de la v\u00edctima y la\nubicaci\u00f3n de los probables responsables, quienes fueron detenidos en la colonia\nFelipe \u00c1ngeles, de dicho municipio.<\/p>\n\n\n\n<p>Los agentes del Ministerio\nP\u00fablico encargados de las investigaciones reunieron los datos de prueba\nsuficientes contra los imputados y los presentaron ante la autoridad judicial.<\/p>\n\n\n\n<p>Durante la audiencia inicial,\nesta representaci\u00f3n social formul\u00f3 la imputaci\u00f3n contra los probables y un juez\nde control dict\u00f3 el auto de vinculaci\u00f3n a proceso por los hechos antes\nmencionados.<\/p>\n\n\n\n<p>La medida cautelar establecida\npara los imputados, es la prisi\u00f3n preventiva oficiosa y ser\u00e1n tres meses de\ninvestigaci\u00f3n complementaria.<\/p>\n","protected":false},"excerpt":{"rendered":"<p>Estar\u00e1n un buen rato a la sombre PACHUCA, Hgo.- Investigaciones de agentes del Ministerio P\u00fablico adscritos a la Unidad Especializada en el Combate al Secuestro (UECS) de la Procuradur\u00eda General de Justicia del Estado de Hidalgo (PGJEH), sirvieron para que un juez de control dictara auto de vinculaci\u00f3n a proceso para dos personas por secuestro<\/p>\n","protected":false},"author":2,"featured_media":44923,"comment_status":"open","ping_status":"closed","sticky":false,"template":"","format":"standard","meta":{"footnotes":""},"categories":[10],"tags":[],"class_list":{"0":"post-44922","1":"post","2":"type-post","3":"status-publish","4":"format-standard","5":"has-post-thumbnail","7":"category-hidalgo"},"_links":{"self":[{"href":"https:\/\/elreporterohgo.com\/noticias\/wp-json\/wp\/v2\/posts\/44922","targetHints":{"allow":["GET"]}}],"collection":[{"href":"https:\/\/elreporterohgo.com\/noticias\/wp-json\/wp\/v2\/posts"}],"about":[{"href":"https:\/\/elreporterohgo.com\/noticias\/wp-json\/wp\/v2\/types\/post"}],"author":[{"embeddable":true,"href":"https:\/\/elreporterohgo.com\/noticias\/wp-json\/wp\/v2\/users\/2"}],"replies":[{"embeddable":true,"href":"https:\/\/elreporterohgo.com\/noticias\/wp-json\/wp\/v2\/comments?post=44922"}],"version-history":[{"count":2,"href":"https:\/\/elreporterohgo.com\/noticias\/wp-json\/wp\/v2\/posts\/44922\/revisions"}],"predecessor-version":[{"id":44925,"href":"https:\/\/elreporterohgo.com\/noticias\/wp-json\/wp\/v2\/posts\/44922\/revisions\/44925"}],"wp:featuredmedia":[{"embeddable":true,"href":"https:\/\/elreporterohgo.com\/noticias\/wp-json\/wp\/v2\/media\/44923"}],"wp:attachment":[{"href":"https:\/\/elreporterohgo.com\/noticias\/wp-json\/wp\/v2\/media?parent=44922"}],"wp:term":[{"taxonomy":"category","embeddable":true,"href":"https:\/\/elreporterohgo.com\/noticias\/wp-json\/wp\/v2\/categories?post=44922"},{"taxonomy":"post_tag","embeddable":true,"href":"https:\/\/elreporterohgo.com\/noticias\/wp-json\/wp\/v2\/tags?post=44922"}],"curies":[{"name":"wp","href":"https:\/\/api.w.org\/{rel}","templated":true}]}}