{"id":44902,"date":"2021-12-04T15:15:36","date_gmt":"2021-12-04T21:15:36","guid":{"rendered":"https:\/\/elreporterohgo.com\/noticias\/?p=44902"},"modified":"2021-12-04T15:15:37","modified_gmt":"2021-12-04T21:15:37","slug":"el-gobierno-de-morena-le-ha-fallado-a-los-mexicanos-en-materia-de-salud","status":"publish","type":"post","link":"https:\/\/elreporterohgo.com\/noticias\/2021\/12\/04\/el-gobierno-de-morena-le-ha-fallado-a-los-mexicanos-en-materia-de-salud\/","title":{"rendered":"El gobierno de Morena le ha fallado a los mexicanos en materia de salud"},"content":{"rendered":"\n<figure class=\"wp-block-image\"><img fetchpriority=\"high\" decoding=\"async\" width=\"869\" height=\"530\" src=\"https::\/\/elreporterohgo.com\/noticias\/wp-content\/uploads\/2021\/12\/WhatsApp-Image-2021-12-03-at-6.26.49-PM.jpeg\" alt=\"\" class=\"wp-image-44903\" srcset=\"https:\/\/elreporterohgo.com\/noticias\/wp-content\/uploads\/2021\/12\/WhatsApp-Image-2021-12-03-at-6.26.49-PM.jpeg 869w, https:\/\/elreporterohgo.com\/noticias\/wp-content\/uploads\/2021\/12\/WhatsApp-Image-2021-12-03-at-6.26.49-PM-300x183.jpeg 300w, https:\/\/elreporterohgo.com\/noticias\/wp-content\/uploads\/2021\/12\/WhatsApp-Image-2021-12-03-at-6.26.49-PM-768x468.jpeg 768w\" sizes=\"(max-width: 869px) 100vw, 869px\" \/><\/figure>\n\n\n\n<p>Atotonilco el Grande, Hgo.-A tres\na\u00f1os de la presente administraci\u00f3n el gobierno de Morena le ha fallado a las y\nlos mexicanos en materia de salud al no lograr atender eficientemente la compra\ny abasto de medicamentos y peor a\u00fan, brindar servicios m\u00e9dicos b\u00e1sicos como\nsuced\u00eda anteriormente con el Seguro Popular, se\u00f1al\u00f3 la diputada federal\nCarolina Viggiano Austria.<\/p>\n\n\n\n<p>Al\nasistir a las jornadas m\u00e9dicas gratuitas en este municipio, la legisladora asegur\u00f3\nque el sistema nacional de vacunaci\u00f3n no funciona adecuadamente y ello es por\nla improvisaci\u00f3n y falta de conocimiento de los funcionarios quienes tienen cero\nconocimientos en el tema y poca capacidad de gesti\u00f3n y administraci\u00f3n.<\/p>\n\n\n\n<p>Hoy,\nagreg\u00f3, la inflaci\u00f3n eleva el costo de los productos b\u00e1sicos obligando a los\nmexicanos a dedicar la mayor parte de sus recursos econ\u00f3micos para la\nadquisici\u00f3n de la canasta b\u00e1sica, dejando de lado la atenci\u00f3n de su salud y de\nsus familias.<\/p>\n\n\n\n<p>Pero\naclar\u00f3 que ello no es por falta de recursos presupuestales, \u201clos recursos para\nmedicinas, vacunas y servicios m\u00e9dicos b\u00e1sicos existen, solo que la presente\nadministraci\u00f3n federal ha decidido centralizar todo el presupuesto dejando de\nlado a las administraciones estatales, reduciendo su capacidad de gesti\u00f3n y destinando\na gran parte de la poblaci\u00f3n de escasos recursos a su empobrecimiento\u201d,\nsubray\u00f3.<\/p>\n\n\n\n<p>Por ello,\nabund\u00f3, como parte de su compromiso legislativo, ha tomado la decisi\u00f3n de\napoyar a las familias de escasos recursos con las caravanas de salud que\nprestan atenci\u00f3n m\u00e9dica gratuita con consultas de medicina general,\noftalmolog\u00eda, radiograf\u00edas, rayos X, mastograf\u00edas, dentales, entre otros\nservicios.<\/p>\n\n\n\n<p>M\u00e1s tarde\nViggiano Austria sostuvo un encuentro con agricultores y l\u00edderes ganadores de\nla localidad con quienes dialog\u00f3 e intercambi\u00f3 opiniones para conocer de manera\ndirecta la problem\u00e1tica que enfrentan por falta de apoyos que recib\u00edan a trav\u00e9s\nde los diversos programas federales que exist\u00edan y que han visto disminuido su\npresupuesto unos y desaparecido totalmente otros.<\/p>\n\n\n\n<p>Tambi\u00e9n\nse reuni\u00f3 con mujeres emprendedoras a quienes dijo que en Hidalgo y en todo el\npa\u00eds es tiempo de las mujeres tras reiterarles que dedicar\u00e1 sus esfuerzos para\nque quien lo necesite reciba asesor\u00edas y apoyos crediticios para apoyar a quien\nquiera poner en marcha nuevos proyectos que contribuyan a fortalecer su\neconom\u00eda familiar.<\/p>\n\n\n\n<p><strong>&#8211;oOo&#8211;<\/strong><\/p>\n","protected":false},"excerpt":{"rendered":"<p>Atotonilco el Grande, Hgo.-A tres a\u00f1os de la presente administraci\u00f3n el gobierno de Morena le ha fallado a las y los mexicanos en materia de salud al no lograr atender eficientemente la compra y abasto de medicamentos y peor a\u00fan, brindar servicios m\u00e9dicos b\u00e1sicos como suced\u00eda anteriormente con el Seguro Popular, se\u00f1al\u00f3 la diputada federal<\/p>\n","protected":false},"author":2,"featured_media":44903,"comment_status":"open","ping_status":"closed","sticky":false,"template":"","format":"standard","meta":{"footnotes":""},"categories":[10],"tags":[],"class_list":{"0":"post-44902","1":"post","2":"type-post","3":"status-publish","4":"format-standard","5":"has-post-thumbnail","7":"category-hidalgo"},"_links":{"self":[{"href":"https:\/\/elreporterohgo.com\/noticias\/wp-json\/wp\/v2\/posts\/44902","targetHints":{"allow":["GET"]}}],"collection":[{"href":"https:\/\/elreporterohgo.com\/noticias\/wp-json\/wp\/v2\/posts"}],"about":[{"href":"https:\/\/elreporterohgo.com\/noticias\/wp-json\/wp\/v2\/types\/post"}],"author":[{"embeddable":true,"href":"https:\/\/elreporterohgo.com\/noticias\/wp-json\/wp\/v2\/users\/2"}],"replies":[{"embeddable":true,"href":"https:\/\/elreporterohgo.com\/noticias\/wp-json\/wp\/v2\/comments?post=44902"}],"version-history":[{"count":1,"href":"https:\/\/elreporterohgo.com\/noticias\/wp-json\/wp\/v2\/posts\/44902\/revisions"}],"predecessor-version":[{"id":44904,"href":"https:\/\/elreporterohgo.com\/noticias\/wp-json\/wp\/v2\/posts\/44902\/revisions\/44904"}],"wp:featuredmedia":[{"embeddable":true,"href":"https:\/\/elreporterohgo.com\/noticias\/wp-json\/wp\/v2\/media\/44903"}],"wp:attachment":[{"href":"https:\/\/elreporterohgo.com\/noticias\/wp-json\/wp\/v2\/media?parent=44902"}],"wp:term":[{"taxonomy":"category","embeddable":true,"href":"https:\/\/elreporterohgo.com\/noticias\/wp-json\/wp\/v2\/categories?post=44902"},{"taxonomy":"post_tag","embeddable":true,"href":"https:\/\/elreporterohgo.com\/noticias\/wp-json\/wp\/v2\/tags?post=44902"}],"curies":[{"name":"wp","href":"https:\/\/api.w.org\/{rel}","templated":true}]}}