{"id":44898,"date":"2021-12-04T14:08:49","date_gmt":"2021-12-04T20:08:49","guid":{"rendered":"https:\/\/elreporterohgo.com\/noticias\/?p=44898"},"modified":"2021-12-04T14:08:50","modified_gmt":"2021-12-04T20:08:50","slug":"%ef%bb%bfjovenes-debaten-en-el-congreso-del-estado-de-hidalgo","status":"publish","type":"post","link":"https:\/\/elreporterohgo.com\/noticias\/2021\/12\/04\/%ef%bb%bfjovenes-debaten-en-el-congreso-del-estado-de-hidalgo\/","title":{"rendered":"\ufeffJ\u00f3venes debaten en el Congreso del estado de Hidalgo"},"content":{"rendered":"\n<p><strong> <\/strong><\/p>\n\n\n\n<figure class=\"wp-block-image\"><img fetchpriority=\"high\" decoding=\"async\" width=\"1024\" height=\"682\" src=\"https::\/\/elreporterohgo.com\/noticias\/wp-content\/uploads\/2021\/12\/Organiza-Congreso-de-Hidalgo-concurso-de-debate-pol\u00edtico-juvenil-3-1024x682.jpg\" alt=\"\" class=\"wp-image-44899\" srcset=\"https:\/\/elreporterohgo.com\/noticias\/wp-content\/uploads\/2021\/12\/Organiza-Congreso-de-Hidalgo-concurso-de-debate-pol\u00edtico-juvenil-3-1024x682.jpg 1024w, https:\/\/elreporterohgo.com\/noticias\/wp-content\/uploads\/2021\/12\/Organiza-Congreso-de-Hidalgo-concurso-de-debate-pol\u00edtico-juvenil-3-300x200.jpg 300w, https:\/\/elreporterohgo.com\/noticias\/wp-content\/uploads\/2021\/12\/Organiza-Congreso-de-Hidalgo-concurso-de-debate-pol\u00edtico-juvenil-3-768x512.jpg 768w, https:\/\/elreporterohgo.com\/noticias\/wp-content\/uploads\/2021\/12\/Organiza-Congreso-de-Hidalgo-concurso-de-debate-pol\u00edtico-juvenil-3.jpg 1280w\" sizes=\"(max-width: 1024px) 100vw, 1024px\" \/><\/figure>\n\n\n\n<figure class=\"wp-block-image\"><img decoding=\"async\" width=\"1024\" height=\"682\" src=\"https::\/\/elreporterohgo.com\/noticias\/wp-content\/uploads\/2021\/12\/Organiza-Congreso-de-Hidalgo-concurso-de-debate-pol\u00edtico-juvenil-1-1024x682.jpg\" alt=\"\" class=\"wp-image-44900\" srcset=\"https:\/\/elreporterohgo.com\/noticias\/wp-content\/uploads\/2021\/12\/Organiza-Congreso-de-Hidalgo-concurso-de-debate-pol\u00edtico-juvenil-1-1024x682.jpg 1024w, https:\/\/elreporterohgo.com\/noticias\/wp-content\/uploads\/2021\/12\/Organiza-Congreso-de-Hidalgo-concurso-de-debate-pol\u00edtico-juvenil-1-300x200.jpg 300w, https:\/\/elreporterohgo.com\/noticias\/wp-content\/uploads\/2021\/12\/Organiza-Congreso-de-Hidalgo-concurso-de-debate-pol\u00edtico-juvenil-1-768x512.jpg 768w, https:\/\/elreporterohgo.com\/noticias\/wp-content\/uploads\/2021\/12\/Organiza-Congreso-de-Hidalgo-concurso-de-debate-pol\u00edtico-juvenil-1.jpg 1280w\" sizes=\"(max-width: 1024px) 100vw, 1024px\" \/><\/figure>\n\n\n\n<p>El Congreso del Estado a trav\u00e9s de la Comisi\u00f3n de la Ni\u00f1ez, la Juventud, el Deporte y la Familia organiz\u00f3, en coordinaci\u00f3n con el Instituto Hidalguense de la Juventud, el Concurso Estatal Juvenil Debate Pol\u00edtico en su edici\u00f3n 2021, en donde los j\u00f3venes demostraron su gran capacidad para expresar y defender sus puntos de vista, teniendo por primera vez como escenario la sede del Poder Legislativo del Estado de Hidalgo.<\/p>\n\n\n\n<p>La diputada Erika Rodr\u00edguez Hern\u00e1ndez, Presidenta de la Comisi\u00f3n de la Ni\u00f1ez, la Juventud, el Deporte y la Familia explic\u00f3 que \u201cse trata de un evento muy afortunado en dos sentidos, primero porque tuvimos la oportunidad de escuchar el enorme talento que tienen para el debate las y los j\u00f3venes hidalguenses, de quienes seguimos aprendiendo y nos contagian de su energ\u00eda, y en segundo lugar, porque se abri\u00f3 un espacio que es, por excelencia, el lugar donde deben ser escuchadas todas la voces y en esta ocasi\u00f3n la fuerza de la juventud se apoder\u00f3 del Congreso Local.\u201d<\/p>\n\n\n\n<p>La legisladora destac\u00f3 el respaldo que dieron las diputadas integrantes de la Comisi\u00f3n Legislativa, al aprobar por unanimidad la realizaci\u00f3n del Concurso de manera conjunta con el Instituto Hidalguense de la Juventud, el cual form\u00f3 parte de la agenda de su primera sesi\u00f3n y marca la pauta para trabajar de manera coordinada con otras instancias que tienen relaci\u00f3n con los asuntos que le competen a la Comisi\u00f3n.<\/p>\n\n\n\n<p>\u201cReconozco el trabajo y la entrega del maestro Yoshio Cancino al frente del Instituto Hidalguense de la Juventud, porque mantuvo vigente para las y los j\u00f3venes de nuestra entidad este Concurso de Debate, que a nivel nacional lamentablemente ya no se lleva a cabo, pero que en Hidalgo sigue siendo una gran oportunidad de expresi\u00f3n juvenil que en esta ocasi\u00f3n convoc\u00f3 a j\u00f3venes de 58 municipios de la entidad, lo que significa una participaci\u00f3n del 70% de los municipios hidalguenses con j\u00f3venes entre los 12 y los 29 a\u00f1os de edad\u201d, dijo la diputada.<\/p>\n\n\n\n<p><\/p>\n\n\n\n<p><\/p>\n\n\n\n<p>Erika Rodr\u00edguez tambi\u00e9n reconoci\u00f3 a las y los j\u00f3venes ganadores del certamen, inform\u00f3 que \u201cparticiparon 111 concursantes en dos rondas de debate con temas pol\u00edticos que vivimos en el d\u00eda a d\u00eda y que tambi\u00e9n repercuten en la vida de la juventud en la entidad y en&nbsp;<\/p>\n\n\n\n<p>el pa\u00eds, tales como el Comercio electr\u00f3nico; los organismos internacionales y su actuar frente a la pandemia; las medidas del gobierno federal contra el COVID; redes sociales y su regulaci\u00f3n en M\u00e9xico; la reelecci\u00f3n de diputados federales; los partidos pol\u00edticos y su financiamiento con recursos p\u00fablicos; el cambio clim\u00e1tico; la sociedad civil organizada como contrapeso para el gobierno; y el futuro de las candidaturas independientes en la democracia mexicana.\u201d<\/p>\n\n\n\n<p>En su intervenci\u00f3n, el coordinador del grupo legislativo del PRI, Julio Valera Piedras, Discurso Valera agradeci\u00f3 la disposici\u00f3n del presidente de la Junta de Gobierno, Francisco Berganza Escorza, a las y los diputados su inter\u00e9s en este acto \u201cas\u00ed como en dise\u00f1ar y proponer iniciativas en beneficio de la juventud, programas ejemplo de inclusi\u00f3n de las juventudes\u201d.<\/p>\n\n\n\n<p>Valera Piedras explic\u00f3 que \u201cen esta legislatura hemos propuesto iniciativas que hoy ya son. Ley vigente, como la de la creaci\u00f3n de instancias municipales de la juventud para acercar el apoyo a quienes viven en municipios alejados de la zona metropolitana\u201d.<\/p>\n\n\n\n<p>Finalmente, la integrante del Grupo Legislativo del PRI en el Congreso, celebr\u00f3 la presencia y el inter\u00e9s de los diputados integrantes de la LV Legislatura, que acudieron a este encuentro para escuchar el sentir de la juventud y expres\u00f3 que este es el punto de partida para abrir nuevos espacios de participaci\u00f3n a los j\u00f3venes que ser\u00e1n impulsados desde la Comisi\u00f3n que preside en el Congreso del Estado.<\/p>\n\n\n\n<p><\/p>\n\n\n\n<p><\/p>\n","protected":false},"excerpt":{"rendered":"<p>El Congreso del Estado a trav\u00e9s de la Comisi\u00f3n de la Ni\u00f1ez, la Juventud, el Deporte y la Familia organiz\u00f3, en coordinaci\u00f3n con el Instituto Hidalguense de la Juventud, el Concurso Estatal Juvenil Debate Pol\u00edtico en su edici\u00f3n 2021, en donde los j\u00f3venes demostraron su gran capacidad para expresar y defender sus puntos de vista,<\/p>\n","protected":false},"author":2,"featured_media":44899,"comment_status":"open","ping_status":"closed","sticky":false,"template":"","format":"standard","meta":{"footnotes":""},"categories":[10],"tags":[],"class_list":{"0":"post-44898","1":"post","2":"type-post","3":"status-publish","4":"format-standard","5":"has-post-thumbnail","7":"category-hidalgo"},"_links":{"self":[{"href":"https:\/\/elreporterohgo.com\/noticias\/wp-json\/wp\/v2\/posts\/44898","targetHints":{"allow":["GET"]}}],"collection":[{"href":"https:\/\/elreporterohgo.com\/noticias\/wp-json\/wp\/v2\/posts"}],"about":[{"href":"https:\/\/elreporterohgo.com\/noticias\/wp-json\/wp\/v2\/types\/post"}],"author":[{"embeddable":true,"href":"https:\/\/elreporterohgo.com\/noticias\/wp-json\/wp\/v2\/users\/2"}],"replies":[{"embeddable":true,"href":"https:\/\/elreporterohgo.com\/noticias\/wp-json\/wp\/v2\/comments?post=44898"}],"version-history":[{"count":1,"href":"https:\/\/elreporterohgo.com\/noticias\/wp-json\/wp\/v2\/posts\/44898\/revisions"}],"predecessor-version":[{"id":44901,"href":"https:\/\/elreporterohgo.com\/noticias\/wp-json\/wp\/v2\/posts\/44898\/revisions\/44901"}],"wp:featuredmedia":[{"embeddable":true,"href":"https:\/\/elreporterohgo.com\/noticias\/wp-json\/wp\/v2\/media\/44899"}],"wp:attachment":[{"href":"https:\/\/elreporterohgo.com\/noticias\/wp-json\/wp\/v2\/media?parent=44898"}],"wp:term":[{"taxonomy":"category","embeddable":true,"href":"https:\/\/elreporterohgo.com\/noticias\/wp-json\/wp\/v2\/categories?post=44898"},{"taxonomy":"post_tag","embeddable":true,"href":"https:\/\/elreporterohgo.com\/noticias\/wp-json\/wp\/v2\/tags?post=44898"}],"curies":[{"name":"wp","href":"https:\/\/api.w.org\/{rel}","templated":true}]}}