{"id":44895,"date":"2021-12-04T13:52:14","date_gmt":"2021-12-04T19:52:14","guid":{"rendered":"https:\/\/elreporterohgo.com\/noticias\/?p=44895"},"modified":"2021-12-04T13:52:15","modified_gmt":"2021-12-04T19:52:15","slug":"sujeto-investigado-por-abuso-sexual-agravado","status":"publish","type":"post","link":"https:\/\/elreporterohgo.com\/noticias\/2021\/12\/04\/sujeto-investigado-por-abuso-sexual-agravado\/","title":{"rendered":"Sujeto investigado por abuso sexual agravado"},"content":{"rendered":"\n<p><strong>En una persona es investigada por abuso\nsexual agravado<\/strong><\/p>\n\n\n\n<figure class=\"wp-block-image\"><img fetchpriority=\"high\" decoding=\"async\" width=\"521\" height=\"993\" src=\"https::\/\/elreporterohgo.com\/noticias\/wp-content\/uploads\/2021\/12\/0000diosa-de-justicia-2.jpg\" alt=\"\" class=\"wp-image-44896\" srcset=\"https:\/\/elreporterohgo.com\/noticias\/wp-content\/uploads\/2021\/12\/0000diosa-de-justicia-2.jpg 521w, https:\/\/elreporterohgo.com\/noticias\/wp-content\/uploads\/2021\/12\/0000diosa-de-justicia-2-157x300.jpg 157w\" sizes=\"(max-width: 521px) 100vw, 521px\" \/><\/figure>\n\n\n\n<p><strong>Tulancingo,\nHgo.- <\/strong>La\nSubprocuradur\u00eda de delitos de g\u00e9nero, desaparici\u00f3n de personas e impacto\nsocial, de la Procuradur\u00eda General de Justicia del estado de Hidalgo (PGJEH),\nobtuvo de la autoridad judicial vinculaci\u00f3n a proceso de una persona\ninvestigada por abuso sexual agravado.<\/p>\n\n\n\n<p>Los hechos que le fueron imputados\na quien es identificado como Santiago \u201cN\u201d, ocurrieron en Tulancingo de Bravo el\npasado 12 de octubre, fecha en la que la v\u00edctima fue agredida sexualmente. <\/p>\n\n\n\n<p>Por estos hechos la PGJEH\ninici\u00f3 la carpeta de investigaci\u00f3n por abuso sexual agravado, mientras tanto,\nesta representaci\u00f3n social brind\u00f3 atenci\u00f3n integral a la v\u00edctima a trav\u00e9s de un\nequipo multidisciplinario.<\/p>\n\n\n\n<p>El agente del Ministerio\nP\u00fablico encargado de dirigir la investigaci\u00f3n se alleg\u00f3 de datos de prueba para\npresentarlos ante el juez de control y solicitar la vinculaci\u00f3n a proceso para\nel probable.<\/p>\n\n\n\n<p>El juez conocedor de la causa,\ntras conocer dichos datos de prueba aportados por el Ministerio P\u00fablico, dict\u00f3\nla vinculaci\u00f3n a proceso de Santiago \u201cN\u201d, quien permanece en prisi\u00f3n preventiva\noficiosa.<\/p>\n\n\n\n<p>Antes de finalizar la\naudiencia,&nbsp; la autoridad judicial\nconcedi\u00f3 a las partes un plazo de un mes y quince d\u00edas para el cierre de la\ninvestigaci\u00f3n complementaria.<\/p>\n","protected":false},"excerpt":{"rendered":"<p>En una persona es investigada por abuso sexual agravado Tulancingo, Hgo.- La Subprocuradur\u00eda de delitos de g\u00e9nero, desaparici\u00f3n de personas e impacto social, de la Procuradur\u00eda General de Justicia del estado de Hidalgo (PGJEH), obtuvo de la autoridad judicial vinculaci\u00f3n a proceso de una persona investigada por abuso sexual agravado. Los hechos que le fueron<\/p>\n","protected":false},"author":2,"featured_media":44896,"comment_status":"open","ping_status":"closed","sticky":false,"template":"","format":"standard","meta":{"footnotes":""},"categories":[10],"tags":[],"class_list":{"0":"post-44895","1":"post","2":"type-post","3":"status-publish","4":"format-standard","5":"has-post-thumbnail","7":"category-hidalgo"},"_links":{"self":[{"href":"https:\/\/elreporterohgo.com\/noticias\/wp-json\/wp\/v2\/posts\/44895","targetHints":{"allow":["GET"]}}],"collection":[{"href":"https:\/\/elreporterohgo.com\/noticias\/wp-json\/wp\/v2\/posts"}],"about":[{"href":"https:\/\/elreporterohgo.com\/noticias\/wp-json\/wp\/v2\/types\/post"}],"author":[{"embeddable":true,"href":"https:\/\/elreporterohgo.com\/noticias\/wp-json\/wp\/v2\/users\/2"}],"replies":[{"embeddable":true,"href":"https:\/\/elreporterohgo.com\/noticias\/wp-json\/wp\/v2\/comments?post=44895"}],"version-history":[{"count":1,"href":"https:\/\/elreporterohgo.com\/noticias\/wp-json\/wp\/v2\/posts\/44895\/revisions"}],"predecessor-version":[{"id":44897,"href":"https:\/\/elreporterohgo.com\/noticias\/wp-json\/wp\/v2\/posts\/44895\/revisions\/44897"}],"wp:featuredmedia":[{"embeddable":true,"href":"https:\/\/elreporterohgo.com\/noticias\/wp-json\/wp\/v2\/media\/44896"}],"wp:attachment":[{"href":"https:\/\/elreporterohgo.com\/noticias\/wp-json\/wp\/v2\/media?parent=44895"}],"wp:term":[{"taxonomy":"category","embeddable":true,"href":"https:\/\/elreporterohgo.com\/noticias\/wp-json\/wp\/v2\/categories?post=44895"},{"taxonomy":"post_tag","embeddable":true,"href":"https:\/\/elreporterohgo.com\/noticias\/wp-json\/wp\/v2\/tags?post=44895"}],"curies":[{"name":"wp","href":"https:\/\/api.w.org\/{rel}","templated":true}]}}