{"id":44881,"date":"2021-12-04T12:42:55","date_gmt":"2021-12-04T18:42:55","guid":{"rendered":"https:\/\/elreporterohgo.com\/noticias\/?p=44881"},"modified":"2021-12-04T12:42:56","modified_gmt":"2021-12-04T18:42:56","slug":"%ef%bb%bfpri-hidalgo-promueve-derechos-de-personas-con-discapacidad-julio-valera","status":"publish","type":"post","link":"https:\/\/elreporterohgo.com\/noticias\/2021\/12\/04\/%ef%bb%bfpri-hidalgo-promueve-derechos-de-personas-con-discapacidad-julio-valera\/","title":{"rendered":"\ufeffPRI Hidalgo promueve derechos de personas con discapacidad: Julio Valera"},"content":{"rendered":"\n<p><strong>P<\/strong><\/p>\n\n\n\n<figure class=\"wp-block-image\"><img fetchpriority=\"high\" decoding=\"async\" width=\"1024\" height=\"756\" src=\"https::\/\/elreporterohgo.com\/noticias\/wp-content\/uploads\/2021\/12\/Foto-11-1-1024x756.jpg\" alt=\"\" class=\"wp-image-44882\" srcset=\"https:\/\/elreporterohgo.com\/noticias\/wp-content\/uploads\/2021\/12\/Foto-11-1-1024x756.jpg 1024w, https:\/\/elreporterohgo.com\/noticias\/wp-content\/uploads\/2021\/12\/Foto-11-1-300x221.jpg 300w, https:\/\/elreporterohgo.com\/noticias\/wp-content\/uploads\/2021\/12\/Foto-11-1-768x567.jpg 768w\" sizes=\"(max-width: 1024px) 100vw, 1024px\" \/><\/figure>\n\n\n\n<ul class=\"wp-block-list\"><li><em>Se\u00f1ala que el Revolucionario Institucional es generador de\npol\u00edticas p\u00fablicas con un enfoque demogr\u00e1fico incluyente.<\/em><\/li><li><em>En Hidalgo existen m\u00e1s de 185 mil ciudadanos que\nenfrentan obst\u00e1culos que les impiden gozar plenamente de sus derechos.<\/em><\/li><li><em>Victoria M\u00e9ndez se\u00f1ala que las personas con discapacidad\ntienen de aliado al primer priista Omar Fayad. <\/em><\/li><\/ul>\n\n\n\n<p>Pachuca, Hgo.- En\nel marco del 3 de diciembre D\u00eda Internacional de las Personas con Discapacidad,\nla dirigencia del Partido Revolucionario Institucional (PRI) en Hidalgo,\nconformada por Julio Valera Piedras y Victoria M\u00e9ndez M\u00e1rquez, presidente y\nsecretaria general respectivamente, a trav\u00e9s de la Secretar\u00eda de Atenci\u00f3n a\nPersonas con Discapacidad, que encabeza Mois\u00e9s Pelcastre Hern\u00e1ndez; hizo\nentrega del Premio Estatal por la Inclusi\u00f3n de las Personas con Discapacidad a\nSirani Hern\u00e1ndez Palafox, Adriana Berenicet P\u00e9rez Garc\u00eda y Adriana Cervantes\nGarc\u00eda, integrantes del colectivo <em>ABIS Rompiendo Barreras.<\/em><\/p>\n\n\n\n<p>El Premio Estatal\npor la Inclusi\u00f3n de las Personas con Discapacidad es un reconocimiento para\nquienes han realizado acciones afirmativas que promuevan espacios suficientes\npara dicho sector de la sociedad. <\/p>\n\n\n\n<p>Las galardonadas\nimpulsaron una pulsera digital para ni\u00f1as y ni\u00f1os con sordera, como un\nmecanismo para contribuir al restablecimiento de la comunicaci\u00f3n elemental\nentre individuos con dicho padecimiento y su entorno familiar comunicativo.<\/p>\n\n\n\n<p>Al respecto,\nJulio Valera se\u00f1al\u00f3 que como sociedad a\u00fan hay un largo camino por recorrer para\npromover de manera efectiva los derechos y el bienestar de las personas con\ndiscapacidad en el pa\u00eds.<\/p>\n\n\n\n<p>En ese sentido,\nalert\u00f3 que la pandemia ha agravado las circunstancias para este sector. Del\nmismo modo, refiri\u00f3 que en Hidalgo existen m\u00e1s de 185 mil ciudadanos que cada\nd\u00eda enfrentan obst\u00e1culos f\u00edsicos y sociales que les impiden gozar plenamente de\nsus derechos.<\/p>\n\n\n\n<p>Por lo anterior,\napunt\u00f3 que el PRI de Hidalgo es el \u00fanico a nivel nacional que se dio a la tarea\nde crear una Secretar\u00eda de Atenci\u00f3n a Personas con Discapacidad en los 84\nmunicipios que componen la entidad.<\/p>\n\n\n\n<p>\u201cSabemos que la\n\u00fanica posibilidad de que este pa\u00eds pueda potenciar y explotar todas las\nposibilidades de sus mujeres y hombres es cuando podamos lograr los derechos de\ntodas y todos por igual\u201d.<\/p>\n\n\n\n<p>Quien dirige los\ndestinos del Revolucionario Institucional se\u00f1al\u00f3 que el instituto que encabeza,\nes promotor del dise\u00f1o, ejecuci\u00f3n y monitoreo de que en las pol\u00edticas p\u00fablicas\nde la entidad se ocupe un enfoque demogr\u00e1fico para atender y saber c\u00f3mo poder\napoyar para que los derechos sean efectivos para las personas con discapacidad.<\/p>\n\n\n\n<p>Al tiempo en que\nfelicit\u00f3 a las integrantes del colectivo <em>ABIS Rompiendo Barreras<\/em>, Julio\nValera subray\u00f3 que el partido tricolor es un instituto incluyente, preocupado y\nocupado por generar sinergia y balance en igualdad de derechos para todos los\nsectores de la poblaci\u00f3n. <\/p>\n\n\n\n<p>\u201cPara nosotros\nustedes son una causa, el PRI es un partido que lleva como lema democracia y\njusticia social, y esto implica los derechos de todas y todos por igual.\nDebemos generar la posibilidad que todos por igual podamos hacer goce de\nnuestros derechos\u201d.<\/p>\n\n\n\n<p>Conocedor de que\ntoda pol\u00edtica p\u00fablica dirigida a la participaci\u00f3n, inclusi\u00f3n o salvaguarda\nf\u00edsica y mental de quienes padecen una discapacidad, repercute en beneficio de\nla familia y de la sociedad, Valera Piedras reafirm\u00f3 su compromiso para seguir\ntrabajando con acciones que favorezcan el acceso a los derechos humanos de\ndicho sector.<\/p>\n\n\n\n<p>En tanto, la\nsecretaria general del PRI, Victoria M\u00e9ndez, subray\u00f3 que en el pa\u00eds miles de\npersonas se han propuesto luchar por esta causa y muchas de ellas encontraron\nen el PRI la posibilidad de tener esta bandera.<\/p>\n\n\n\n<p>As\u00ed mismo, indic\u00f3\nque para defender este tipo de causas hace falta el apoyo de aquellas personas\nque ostentan un cargo p\u00fablico para darle fortaleza y vigor a esta moci\u00f3n.<\/p>\n\n\n\n<p>\u201cNuestro\nprop\u00f3sito es con ustedes, porque juntos podemos hacer mucho, tenemos un gran\naliado, el gobernador Omar Fayad, quien est\u00e1 preocupado y ocupado por las\npersonas con discapacidad y con todos aquellos sectores vulnerables\u201d.<\/p>\n\n\n\n<p>En el acto, se\nrealiz\u00f3 una menci\u00f3n honorifica para Ivone Lizbeth Guti\u00e9rrez Vera y Carlos David\nEscobedo Cruz, por sus acciones en favor del sector; as\u00ed mismo, se iluminaron\nde color amarillo fosforescente las instalaciones del Comit\u00e9 Directivo Estatal\ndel PRI para ratificar la sensibilidad y empat\u00eda hacia las personas con\ndiscapacidad.<\/p>\n","protected":false},"excerpt":{"rendered":"<p>P Se\u00f1ala que el Revolucionario Institucional es generador de pol\u00edticas p\u00fablicas con un enfoque demogr\u00e1fico incluyente. En Hidalgo existen m\u00e1s de 185 mil ciudadanos que enfrentan obst\u00e1culos que les impiden gozar plenamente de sus derechos. Victoria M\u00e9ndez se\u00f1ala que las personas con discapacidad tienen de aliado al primer priista Omar Fayad. Pachuca, Hgo.- En el<\/p>\n","protected":false},"author":2,"featured_media":44882,"comment_status":"open","ping_status":"closed","sticky":false,"template":"","format":"standard","meta":{"footnotes":""},"categories":[10],"tags":[],"class_list":{"0":"post-44881","1":"post","2":"type-post","3":"status-publish","4":"format-standard","5":"has-post-thumbnail","7":"category-hidalgo"},"_links":{"self":[{"href":"https:\/\/elreporterohgo.com\/noticias\/wp-json\/wp\/v2\/posts\/44881","targetHints":{"allow":["GET"]}}],"collection":[{"href":"https:\/\/elreporterohgo.com\/noticias\/wp-json\/wp\/v2\/posts"}],"about":[{"href":"https:\/\/elreporterohgo.com\/noticias\/wp-json\/wp\/v2\/types\/post"}],"author":[{"embeddable":true,"href":"https:\/\/elreporterohgo.com\/noticias\/wp-json\/wp\/v2\/users\/2"}],"replies":[{"embeddable":true,"href":"https:\/\/elreporterohgo.com\/noticias\/wp-json\/wp\/v2\/comments?post=44881"}],"version-history":[{"count":1,"href":"https:\/\/elreporterohgo.com\/noticias\/wp-json\/wp\/v2\/posts\/44881\/revisions"}],"predecessor-version":[{"id":44883,"href":"https:\/\/elreporterohgo.com\/noticias\/wp-json\/wp\/v2\/posts\/44881\/revisions\/44883"}],"wp:featuredmedia":[{"embeddable":true,"href":"https:\/\/elreporterohgo.com\/noticias\/wp-json\/wp\/v2\/media\/44882"}],"wp:attachment":[{"href":"https:\/\/elreporterohgo.com\/noticias\/wp-json\/wp\/v2\/media?parent=44881"}],"wp:term":[{"taxonomy":"category","embeddable":true,"href":"https:\/\/elreporterohgo.com\/noticias\/wp-json\/wp\/v2\/categories?post=44881"},{"taxonomy":"post_tag","embeddable":true,"href":"https:\/\/elreporterohgo.com\/noticias\/wp-json\/wp\/v2\/tags?post=44881"}],"curies":[{"name":"wp","href":"https:\/\/api.w.org\/{rel}","templated":true}]}}