{"id":44878,"date":"2021-12-04T06:13:14","date_gmt":"2021-12-04T12:13:14","guid":{"rendered":"https:\/\/elreporterohgo.com\/noticias\/?p=44878"},"modified":"2021-12-04T06:13:15","modified_gmt":"2021-12-04T12:13:15","slug":"presunto-ladron-enfrenta-proceso-penal-por-robo-calificado","status":"publish","type":"post","link":"https:\/\/elreporterohgo.com\/noticias\/2021\/12\/04\/presunto-ladron-enfrenta-proceso-penal-por-robo-calificado\/","title":{"rendered":"Presunto ladr\u00f3n enfrenta proceso penal por robo calificado"},"content":{"rendered":"\n<p><strong>E<\/strong><\/p>\n\n\n\n<figure class=\"wp-block-image\"><img fetchpriority=\"high\" decoding=\"async\" width=\"888\" height=\"608\" src=\"https::\/\/elreporterohgo.com\/noticias\/wp-content\/uploads\/2021\/12\/00000-2.jpg\" alt=\"\" class=\"wp-image-44879\" srcset=\"https:\/\/elreporterohgo.com\/noticias\/wp-content\/uploads\/2021\/12\/00000-2.jpg 888w, https:\/\/elreporterohgo.com\/noticias\/wp-content\/uploads\/2021\/12\/00000-2-300x205.jpg 300w, https:\/\/elreporterohgo.com\/noticias\/wp-content\/uploads\/2021\/12\/00000-2-768x526.jpg 768w\" sizes=\"(max-width: 888px) 100vw, 888px\" \/><\/figure>\n\n\n\n<p>Pachuca de Soto,\nHgo.- A\ntrav\u00e9s de investigaciones de un agente del Ministerio P\u00fablico adscrito a\nla&nbsp; Subprocuradur\u00eda oriente, un juez de\ncontrol dict\u00f3 auto de vinculaci\u00f3n a proceso para una persona por hechos que la\nley se\u00f1ala como robo calificado.<\/p>\n\n\n\n<p>El 8 de junio de 2020, al\nexterior de un domicilio de Pachuca de Soto, la v\u00edctima tuvo un altercado con\nel probable responsable identificado como Enrique \u201cN\u201d, qui\u00e9n despoj\u00f3 de sus\npertenencias a la persona agraviada, para posteriormente darse a la fuga.<\/p>\n\n\n\n<p>La v\u00edctima denunci\u00f3 los hechos\nante el Ministerio P\u00fablico, autoridad que inici\u00f3 la carpeta de investigaci\u00f3n\npor robo calificado. Esta representaci\u00f3n social al frente de las\ninvestigaciones, reuni\u00f3 los datos de prueba suficientes contra el probable y\nlos present\u00f3 ante el juez de control.<\/p>\n\n\n\n<p>Como resultado de la audiencia\ninicial, la autoridad judicial dict\u00f3 la vinculaci\u00f3n de proceso para Enrique\n\u201cN\u201d, por robo calificado.<\/p>\n\n\n\n<p>La medida cautelar impuesta,\nes la firma peri\u00f3dica cada 60 d\u00edas y la prohibici\u00f3n de comunicarse con la\nv\u00edctima y testigos. El plazo para la investigaci\u00f3n complementaria es de tres\nmeses.<\/p>\n","protected":false},"excerpt":{"rendered":"<p>E Pachuca de Soto, Hgo.- A trav\u00e9s de investigaciones de un agente del Ministerio P\u00fablico adscrito a la&nbsp; Subprocuradur\u00eda oriente, un juez de control dict\u00f3 auto de vinculaci\u00f3n a proceso para una persona por hechos que la ley se\u00f1ala como robo calificado. El 8 de junio de 2020, al exterior de un domicilio de Pachuca<\/p>\n","protected":false},"author":2,"featured_media":44879,"comment_status":"open","ping_status":"closed","sticky":false,"template":"","format":"standard","meta":{"footnotes":""},"categories":[10],"tags":[],"class_list":{"0":"post-44878","1":"post","2":"type-post","3":"status-publish","4":"format-standard","5":"has-post-thumbnail","7":"category-hidalgo"},"_links":{"self":[{"href":"https:\/\/elreporterohgo.com\/noticias\/wp-json\/wp\/v2\/posts\/44878","targetHints":{"allow":["GET"]}}],"collection":[{"href":"https:\/\/elreporterohgo.com\/noticias\/wp-json\/wp\/v2\/posts"}],"about":[{"href":"https:\/\/elreporterohgo.com\/noticias\/wp-json\/wp\/v2\/types\/post"}],"author":[{"embeddable":true,"href":"https:\/\/elreporterohgo.com\/noticias\/wp-json\/wp\/v2\/users\/2"}],"replies":[{"embeddable":true,"href":"https:\/\/elreporterohgo.com\/noticias\/wp-json\/wp\/v2\/comments?post=44878"}],"version-history":[{"count":1,"href":"https:\/\/elreporterohgo.com\/noticias\/wp-json\/wp\/v2\/posts\/44878\/revisions"}],"predecessor-version":[{"id":44880,"href":"https:\/\/elreporterohgo.com\/noticias\/wp-json\/wp\/v2\/posts\/44878\/revisions\/44880"}],"wp:featuredmedia":[{"embeddable":true,"href":"https:\/\/elreporterohgo.com\/noticias\/wp-json\/wp\/v2\/media\/44879"}],"wp:attachment":[{"href":"https:\/\/elreporterohgo.com\/noticias\/wp-json\/wp\/v2\/media?parent=44878"}],"wp:term":[{"taxonomy":"category","embeddable":true,"href":"https:\/\/elreporterohgo.com\/noticias\/wp-json\/wp\/v2\/categories?post=44878"},{"taxonomy":"post_tag","embeddable":true,"href":"https:\/\/elreporterohgo.com\/noticias\/wp-json\/wp\/v2\/tags?post=44878"}],"curies":[{"name":"wp","href":"https:\/\/api.w.org\/{rel}","templated":true}]}}