{"id":44873,"date":"2021-12-04T06:08:01","date_gmt":"2021-12-04T12:08:01","guid":{"rendered":"https:\/\/elreporterohgo.com\/noticias\/?p=44873"},"modified":"2021-12-04T06:08:02","modified_gmt":"2021-12-04T12:08:02","slug":"conferencia-responsabilidades-de-funciaonarios-publicos-municiples","status":"publish","type":"post","link":"https:\/\/elreporterohgo.com\/noticias\/2021\/12\/04\/conferencia-responsabilidades-de-funciaonarios-publicos-municiples\/","title":{"rendered":"Conferencia: \u00abResponsabilidades de funciaonarios p\u00fablicos municiples\u00bb"},"content":{"rendered":"\n<figure class=\"wp-block-image\"><img fetchpriority=\"high\" decoding=\"async\" width=\"1024\" height=\"683\" src=\"https::\/\/elreporterohgo.com\/noticias\/wp-content\/uploads\/2021\/12\/02.12.2021-Conferencia-Responsabilidades-de-funcionarios-p\u00fablicos-municipales-22-1024x683.jpg\" alt=\"\" class=\"wp-image-44874\" srcset=\"https:\/\/elreporterohgo.com\/noticias\/wp-content\/uploads\/2021\/12\/02.12.2021-Conferencia-Responsabilidades-de-funcionarios-p\u00fablicos-municipales-22-1024x683.jpg 1024w, https:\/\/elreporterohgo.com\/noticias\/wp-content\/uploads\/2021\/12\/02.12.2021-Conferencia-Responsabilidades-de-funcionarios-p\u00fablicos-municipales-22-300x200.jpg 300w, https:\/\/elreporterohgo.com\/noticias\/wp-content\/uploads\/2021\/12\/02.12.2021-Conferencia-Responsabilidades-de-funcionarios-p\u00fablicos-municipales-22-768x512.jpg 768w\" sizes=\"(max-width: 1024px) 100vw, 1024px\" \/><\/figure>\n\n\n\n<figure class=\"wp-block-image\"><img decoding=\"async\" width=\"1024\" height=\"683\" src=\"https::\/\/elreporterohgo.com\/noticias\/wp-content\/uploads\/2021\/12\/02.12.2021-Conferencia-Responsabilidades-de-funcionarios-p\u00fablicos-municipales-4-1024x683.jpg\" alt=\"\" class=\"wp-image-44875\" srcset=\"https:\/\/elreporterohgo.com\/noticias\/wp-content\/uploads\/2021\/12\/02.12.2021-Conferencia-Responsabilidades-de-funcionarios-p\u00fablicos-municipales-4-1024x683.jpg 1024w, https:\/\/elreporterohgo.com\/noticias\/wp-content\/uploads\/2021\/12\/02.12.2021-Conferencia-Responsabilidades-de-funcionarios-p\u00fablicos-municipales-4-300x200.jpg 300w, https:\/\/elreporterohgo.com\/noticias\/wp-content\/uploads\/2021\/12\/02.12.2021-Conferencia-Responsabilidades-de-funcionarios-p\u00fablicos-municipales-4-768x512.jpg 768w\" sizes=\"(max-width: 1024px) 100vw, 1024px\" \/><\/figure>\n\n\n\n<p>Impartida en el Congreso del Estado de Hidalgo<br><br><\/p>\n\n\n\n<p>Pachuca, Hgo.- Con motivo de su d\u00e9cimo aniversario el Instituto para el Desarrollo y Fortalecimiento Municipal del Estado de Hidalgo, realiz\u00f3 la conferencia \u201cResponsabilidades de Funcionarios P\u00fablicos Municipales\u201d, en la plaza c\u00edvica del Poder Legislativo, con la presencia de presidentes y funcionarios de diferentes regiones de la entidad.\u00a0 <br><\/p>\n\n\n\n<p>En su mensaje de bienvenida de Francisco Xavier Berganza Escorza, presidente de la Junta de Gobierno de la LXV Legislatura del Congreso del Estado a alcaldes y funcionarios municipales, celebr\u00f3 que este tipo de foros se realicen continuamente, \u201cPara entender y que ustedes se vayan convencidos hasta d\u00f3nde pueden llegar y cu\u00e1les son los argumentos legales, por eso invitamos a especialistas para que&nbsp; expliquen los alcances necesarios, pero que ustedes sientan este ejercicio como una arma especialmente dise\u00f1ada desde el IDEFOM y se vayan fortalecidos\u201d.<br><\/p>\n\n\n\n<p>El diputado Presidente se\u00f1al\u00f3 que, como poder legislativo, tienen que ser vigilantes que el recurso vaya presupuestado donde tenga que ir, \u201cDe nada sirve a veces, cuando se etiqueta un recurso, sino tenemos las armas legalmente constituidas a fondo, para evitar que ese recurso se desv\u00ede hacia otro rubro, tenemos que ser muy puntuales\u201d.&nbsp;<br><\/p>\n\n\n\n<p>Francisco Xavier Berganza apunt\u00f3 que, hoy vienen recortes presupuestales que no fueron aprobados por la actual legislatura, \u201cNosotros estamos haciendo un esfuerzo para poder compensar eso que viene ya establecido en el presupuesto y tambi\u00e9n tiene que haber una gran actitud, y voluntad del ejecutivo estatal para que no sigan esos recortes, hoy tenemos un di\u00e1logo fraterno y cordial con el ejecutivo del estado, as\u00ed lo decidimos, creo que hemos avanzado mucho mejor en vez de estar con pleitos que no nos llevan a nada, porque est\u00e1 de por medio el estado y eso se ha empezado a reflejar, pero tambi\u00e9n los necesitamos demostrar en los municipios, en las comunidades y en cada rinc\u00f3n del estado\u201d.<br><\/p>\n\n\n\n<p>El Presidente del Congreso local, agradeci\u00f3 la visita de los alcalde y funcionarios municipales, y reiter\u00f3, en \u00e9l tienen una mano amiga, \u201cSiempre las puertas abiertas est\u00e1n para todos, lo dimos de muestra el primer d\u00eda de esta soberan\u00eda, al invitar al ejecutivo, hacer un ejercicio de madurez entre las dos partes, darnos la mano al frente de todo el pueblo de Hidalgo y decir hay que anteponer el inter\u00e9s de los que realmente nos est\u00e1n esperando all\u00e1 abajo\u201d.<\/p>\n\n\n\n<p>Por su parte la diputada Roc\u00edo Jaqueline Sosa Jim\u00e9nez presidenta de la Comisi\u00f3n de Fortalecimiento y Desarrollo Municipal se\u00f1al\u00f3 que, estar\u00e1 trabajando de la mano en cada regi\u00f3n para poder apoyar y poder asesorar a los alcaldes y funcionarios municipales, as\u00ed como guiarlos y darles el acompa\u00f1amiento y hacer cosas juntos.<br><\/p>\n\n\n\n<p>La legisladora resalt\u00f3 \u201cHoy quiero decir a los presidentes y funcionarios municipales que, en esta Sexag\u00e9sima quinta Legislatura no est\u00e1n solos, hoy el compromiso de mis&nbsp; compa\u00f1eras y compa\u00f1eros diputadas y diputados es estar con ustedes, cerca de ustedes y vamos a ver de qu\u00e9 manera se les puede ayudar, porque no es una tarea f\u00e1cil la que tienen\u201d.<br><\/p>\n\n\n\n<p>Posteriormente, la diputada Tania Valdez Cuellar, agradeci\u00f3 la asistencia de los servidores p\u00fablicos a este encuentro que ayuda a fortalecer la coordinaci\u00f3n integral, la cual indic\u00f3, es vital para alcanzar los objetivos en materia de eficiencia y as\u00ed poder hablar de transparencia, rendici\u00f3n de cuentas y del combate a la corrupci\u00f3n, \u201cEl avance al desarrollo democr\u00e1tico en los \u00f3rdenes de gobierno resulta una tarea imperiosa, en el poder legislativo somos los responsables de vigilar el cumplimento de las leyes por cada uno de los servidores p\u00fablicos, comprendo los retos que los ayuntamientos enfrentan para el desarrollo de sus funciones, tenemos que aludir a las leyes que en dicha materia establecen todo lo necesario, protegi\u00e9ndonos as\u00ed de la corrupci\u00f3n\u201d.<br><\/p>\n\n\n\n<p>En su oportunidad la diputadas Vanesa Escalante Arroyo, integrante de la comisi\u00f3n citada, dijo que desde el poder legislativo apoyar\u00e1 y estar\u00e1 muy pendientes con su compa\u00f1era la legisladora Roc\u00edo Sosa como presidente de la comisi\u00f3n, el actuar, no solo del distrito 16, sino de los 84 municipios, y profesionalizando a cada uno de los sectores se podr\u00e1 dar mejores resultados, \u201cSum\u00e9monos para el bienestar de nuestros municipio, encuentren en nosotros un aliado para caminar para el bienestar de nuestra gente, no est\u00e1n solos, estamos pendiente, caminemos de la mano\u201d.<br><\/p>\n\n\n\n<p>El ponente de la conferencia \u201cResponsabilidades de Funcionarios P\u00fablicos Municipales\u201d abogado y doctor en derecho, Carmen David Sol\u00eds Hern\u00e1ndez, indic\u00f3 que la ley es fr\u00eda y se presta a temas de interpretaci\u00f3n y acci\u00f3n, \u201cLa Sala Superior del Tribunal Electoral del Poder Judicial de la Federaci\u00f3n dice de manera puntual, vemos la voluntad del pueblo plasmada a trav\u00e9s de sus representantes para que ejerzan el cargo que les fue encomendado, pero por otro lado tenemos que, es de inter\u00e9s p\u00fablico de la sociedad observar a los funcionarios y que los recursos sean debidamente ejercidos\u201d.<\/p>\n\n\n\n<p>Durante la charla, de Carmen Sol\u00eds se explic\u00f3 que,&nbsp; Hidalgo podr\u00eda ser pionero respecto a la impugnaci\u00f3n donde la autoridad municipal pudiera quedar en un estado de indefensi\u00f3n, \u201cEl tribunal administrativo puede emitir resoluciones que afecten a la autoridad, la Ley de Procedimiento Administrativo establece la posibilidad de recurrir a trav\u00e9s de un recurso de reclamaci\u00f3n, y si la sentencia no es ben\u00e9fica se puede hacer un recurso de revisi\u00f3n,&nbsp; la Ley General de Responsabilidades de Servidores P\u00fablicos se\u00f1ala el poder acudir ante la autoridad federal en una cuesti\u00f3n de un amparo directo similar que promueve la autoridad, la cual debe cuidar la aplicaci\u00f3n de la legalidad\u201d.<br><\/p>\n\n\n\n<p>Tambi\u00e9n el doctor en derecho, mencion\u00f3 que ante un hecho con apariencia de delito como es el de negociaciones indebidas, se puede genera una orden de aprehensi\u00f3n ingresando a temas de naturaleza penal, como ejemplo plante\u00f3, cuando se desv\u00eda un recurso de su origen; este tipo de hechos se persiguen de oficio o requieren querella, \u201cSe ha elevado la necesidad de imponer la prisi\u00f3n preventiva por un concepto que no se tiene en la ley y que es de desarrollo jurisprudencial en la interpretaci\u00f3n, el Poder Judicial de la Federaci\u00f3n indica que, como se pone en tus manos el alto honor de que cuides el heraldo o administres, al incumplir o desviarlo genera que se pueda imponer prisi\u00f3n preventiva\u201d.&nbsp;<\/p>\n\n\n\n<p>David Sol\u00eds Hern\u00e1ndez, concluy\u00f3 su charla, \u201cLa intenci\u00f3n de este tipo de exposiciones es generar dudas para motivar la investigaci\u00f3n, sobre todo para su aplicaci\u00f3n en los problemas que se van presentando durante la realizaci\u00f3n de su cargo y poder as\u00ed saber c\u00f3mo solucionarlos, reitero que lo m\u00e1s importante es sujetarse siempre al principio de la ley, cuando nosotros como autoridad no tenemos el apoyo jur\u00eddico, debemos anclarnos en la Constituci\u00f3n\u201d.<br><\/p>\n\n\n\n<p>Estuvieron tambi\u00e9n presentes en el encuentro las y los diputados; Adelfa Z\u00fa\u00f1iga Fuentes, Mar\u00eda Adelaida Mu\u00f1oz Jumilla y Luis \u00c1ngel Tenorio Cruz.<\/p>\n\n\n\n<p><br><\/p>\n\n\n\n<figure class=\"wp-block-image\"><img decoding=\"async\" width=\"1024\" height=\"683\" src=\"https::\/\/elreporterohgo.com\/noticias\/wp-content\/uploads\/2021\/12\/02.12.2021-Conferencia-Responsabilidades-de-funcionarios-p\u00fablicos-municipales-6-1024x683.jpg\" alt=\"\" class=\"wp-image-44876\" srcset=\"https:\/\/elreporterohgo.com\/noticias\/wp-content\/uploads\/2021\/12\/02.12.2021-Conferencia-Responsabilidades-de-funcionarios-p\u00fablicos-municipales-6-1024x683.jpg 1024w, https:\/\/elreporterohgo.com\/noticias\/wp-content\/uploads\/2021\/12\/02.12.2021-Conferencia-Responsabilidades-de-funcionarios-p\u00fablicos-municipales-6-300x200.jpg 300w, https:\/\/elreporterohgo.com\/noticias\/wp-content\/uploads\/2021\/12\/02.12.2021-Conferencia-Responsabilidades-de-funcionarios-p\u00fablicos-municipales-6-768x512.jpg 768w\" sizes=\"(max-width: 1024px) 100vw, 1024px\" \/><\/figure>\n","protected":false},"excerpt":{"rendered":"<p>Impartida en el Congreso del Estado de Hidalgo Pachuca, Hgo.- Con motivo de su d\u00e9cimo aniversario el Instituto para el Desarrollo y Fortalecimiento Municipal del Estado de Hidalgo, realiz\u00f3 la conferencia \u201cResponsabilidades de Funcionarios P\u00fablicos Municipales\u201d, en la plaza c\u00edvica del Poder Legislativo, con la presencia de presidentes y funcionarios de diferentes regiones de la<\/p>\n","protected":false},"author":2,"featured_media":44874,"comment_status":"open","ping_status":"closed","sticky":false,"template":"","format":"standard","meta":{"footnotes":""},"categories":[10],"tags":[],"class_list":{"0":"post-44873","1":"post","2":"type-post","3":"status-publish","4":"format-standard","5":"has-post-thumbnail","7":"category-hidalgo"},"_links":{"self":[{"href":"https:\/\/elreporterohgo.com\/noticias\/wp-json\/wp\/v2\/posts\/44873","targetHints":{"allow":["GET"]}}],"collection":[{"href":"https:\/\/elreporterohgo.com\/noticias\/wp-json\/wp\/v2\/posts"}],"about":[{"href":"https:\/\/elreporterohgo.com\/noticias\/wp-json\/wp\/v2\/types\/post"}],"author":[{"embeddable":true,"href":"https:\/\/elreporterohgo.com\/noticias\/wp-json\/wp\/v2\/users\/2"}],"replies":[{"embeddable":true,"href":"https:\/\/elreporterohgo.com\/noticias\/wp-json\/wp\/v2\/comments?post=44873"}],"version-history":[{"count":1,"href":"https:\/\/elreporterohgo.com\/noticias\/wp-json\/wp\/v2\/posts\/44873\/revisions"}],"predecessor-version":[{"id":44877,"href":"https:\/\/elreporterohgo.com\/noticias\/wp-json\/wp\/v2\/posts\/44873\/revisions\/44877"}],"wp:featuredmedia":[{"embeddable":true,"href":"https:\/\/elreporterohgo.com\/noticias\/wp-json\/wp\/v2\/media\/44874"}],"wp:attachment":[{"href":"https:\/\/elreporterohgo.com\/noticias\/wp-json\/wp\/v2\/media?parent=44873"}],"wp:term":[{"taxonomy":"category","embeddable":true,"href":"https:\/\/elreporterohgo.com\/noticias\/wp-json\/wp\/v2\/categories?post=44873"},{"taxonomy":"post_tag","embeddable":true,"href":"https:\/\/elreporterohgo.com\/noticias\/wp-json\/wp\/v2\/tags?post=44873"}],"curies":[{"name":"wp","href":"https:\/\/api.w.org\/{rel}","templated":true}]}}