{"id":44868,"date":"2021-12-04T05:58:58","date_gmt":"2021-12-04T11:58:58","guid":{"rendered":"https:\/\/elreporterohgo.com\/noticias\/?p=44868"},"modified":"2021-12-04T05:58:59","modified_gmt":"2021-12-04T11:58:59","slug":"congreso-de-hidalgo-capacita-a-sus-trabajadoras-en-defensa-personal","status":"publish","type":"post","link":"https:\/\/elreporterohgo.com\/noticias\/2021\/12\/04\/congreso-de-hidalgo-capacita-a-sus-trabajadoras-en-defensa-personal\/","title":{"rendered":"\u00b4Congreso de Hidalgo capacita a sus trabajadoras en defensa personal"},"content":{"rendered":"\n<figure class=\"wp-block-image\"><img fetchpriority=\"high\" decoding=\"async\" width=\"1024\" height=\"702\" src=\"https::\/\/elreporterohgo.com\/noticias\/wp-content\/uploads\/2021\/12\/03.12.21-Taller-de-defensa-personal-3-1024x702.jpg\" alt=\"\" class=\"wp-image-44869\" srcset=\"https:\/\/elreporterohgo.com\/noticias\/wp-content\/uploads\/2021\/12\/03.12.21-Taller-de-defensa-personal-3-1024x702.jpg 1024w, https:\/\/elreporterohgo.com\/noticias\/wp-content\/uploads\/2021\/12\/03.12.21-Taller-de-defensa-personal-3-300x206.jpg 300w, https:\/\/elreporterohgo.com\/noticias\/wp-content\/uploads\/2021\/12\/03.12.21-Taller-de-defensa-personal-3-768x527.jpg 768w, https:\/\/elreporterohgo.com\/noticias\/wp-content\/uploads\/2021\/12\/03.12.21-Taller-de-defensa-personal-3.jpg 1280w\" sizes=\"(max-width: 1024px) 100vw, 1024px\" \/><\/figure>\n\n\n\n<figure class=\"wp-block-image\"><img decoding=\"async\" width=\"721\" height=\"1024\" src=\"https::\/\/elreporterohgo.com\/noticias\/wp-content\/uploads\/2021\/12\/03.12.21-Taller-de-defensa-personal-1-721x1024.jpg\" alt=\"\" class=\"wp-image-44870\" srcset=\"https:\/\/elreporterohgo.com\/noticias\/wp-content\/uploads\/2021\/12\/03.12.21-Taller-de-defensa-personal-1-721x1024.jpg 721w, https:\/\/elreporterohgo.com\/noticias\/wp-content\/uploads\/2021\/12\/03.12.21-Taller-de-defensa-personal-1-211x300.jpg 211w, https:\/\/elreporterohgo.com\/noticias\/wp-content\/uploads\/2021\/12\/03.12.21-Taller-de-defensa-personal-1-768x1091.jpg 768w, https:\/\/elreporterohgo.com\/noticias\/wp-content\/uploads\/2021\/12\/03.12.21-Taller-de-defensa-personal-1.jpg 901w\" sizes=\"(max-width: 721px) 100vw, 721px\" \/><\/figure>\n\n\n\n<p>Pachuca, Hgo.- Como parte de las actividades del 25 de noviembre \u201cD\u00eda Internacional de la Eliminaci\u00f3n de la Violencia Contra la Mujer\u201d, Mar\u00eda del Carmen Arias Ruiz directora de la Unidad Institucional de G\u00e9nero del Congreso del Estado, llev\u00f3 a cabo el Taller de Defensa Personal por parte del comandante Edgar Iv\u00e1n Saavedra Brise\u00f1o, adscrito a la Secretar\u00eda de Seguridad P\u00fablica de la entidad.<\/p>\n\n\n\n<p>El curso de capacitaci\u00f3n tuvo como fin, dar herramientas a las trabajadoras del poder legislativo para salir ante una situaci\u00f3n de riesgo, a trav\u00e9s de t\u00e9cnicas de defensa personal de una agresi\u00f3n que se llegue a presentar en alg\u00fan momento de su vida en la calle, al llegar a casa, en un centro comercial, al salir de una sucursal bancaria, entre otras.<\/p>\n\n\n\n<p>El comandante hizo un llamado a no salir solas en esta \u00e9poca decembrina, recomend\u00f3 especialmente, no salir solas de alguna sucursal bancaria, restaurantes, bares y no minimizar las situaciones de peligro, \u201cNo resistirse es importante porque genera m\u00e1s violencia del agresor\u201d.<\/p>\n\n\n\n<p>Durante la capacitaci\u00f3n, el experto en defensa personal mostr\u00f3 las diferentes t\u00e9cnicas para que, en caso de un asalto o violaci\u00f3n las mujeres sepan defenderse del atacante, \u201cHoy en d\u00eda ya no es cuesti\u00f3n de que sea mujer u hombre, no miden las fuerzas y muchas veces est\u00e1n bajo efectos de drogas, alcohol y buscan un distractor para actuar\u201d.<\/p>\n\n\n\n<p>Al t\u00e9rmino de la capacitaci\u00f3n de defensa personal, Mar\u00eda del Carmen Arias, invit\u00f3 al comandante Edgar Iv\u00e1n para que contin\u00faen las capacitaciones en el Congreso del Estado, a lo que respondi\u00f3 el experto que ser\u00e1 la voz del titular de la Secretar\u00eda de Seguridad P\u00fablica\u00a0 Mauricio Delmar Saavedra, para solicitar la petici\u00f3n de las trabajadoras.<\/p>\n\n\n\n<p><br><\/p>\n\n\n\n<figure class=\"wp-block-image\"><img decoding=\"async\" width=\"1024\" height=\"1024\" src=\"https::\/\/elreporterohgo.com\/noticias\/wp-content\/uploads\/2021\/12\/a06bc708-afbd-454c-99e0-f0821ab77a95-1024x1024.jpg\" alt=\"\" class=\"wp-image-44871\" srcset=\"https:\/\/elreporterohgo.com\/noticias\/wp-content\/uploads\/2021\/12\/a06bc708-afbd-454c-99e0-f0821ab77a95-1024x1024.jpg 1024w, https:\/\/elreporterohgo.com\/noticias\/wp-content\/uploads\/2021\/12\/a06bc708-afbd-454c-99e0-f0821ab77a95-150x150.jpg 150w, https:\/\/elreporterohgo.com\/noticias\/wp-content\/uploads\/2021\/12\/a06bc708-afbd-454c-99e0-f0821ab77a95-300x300.jpg 300w, https:\/\/elreporterohgo.com\/noticias\/wp-content\/uploads\/2021\/12\/a06bc708-afbd-454c-99e0-f0821ab77a95-768x768.jpg 768w, https:\/\/elreporterohgo.com\/noticias\/wp-content\/uploads\/2021\/12\/a06bc708-afbd-454c-99e0-f0821ab77a95-160x160.jpg 160w, https:\/\/elreporterohgo.com\/noticias\/wp-content\/uploads\/2021\/12\/a06bc708-afbd-454c-99e0-f0821ab77a95.jpg 1600w\" sizes=\"(max-width: 1024px) 100vw, 1024px\" \/><\/figure>\n","protected":false},"excerpt":{"rendered":"<p>Pachuca, Hgo.- Como parte de las actividades del 25 de noviembre \u201cD\u00eda Internacional de la Eliminaci\u00f3n de la Violencia Contra la Mujer\u201d, Mar\u00eda del Carmen Arias Ruiz directora de la Unidad Institucional de G\u00e9nero del Congreso del Estado, llev\u00f3 a cabo el Taller de Defensa Personal por parte del comandante Edgar Iv\u00e1n Saavedra Brise\u00f1o, adscrito<\/p>\n","protected":false},"author":2,"featured_media":44869,"comment_status":"open","ping_status":"closed","sticky":false,"template":"","format":"standard","meta":{"footnotes":""},"categories":[10],"tags":[],"class_list":{"0":"post-44868","1":"post","2":"type-post","3":"status-publish","4":"format-standard","5":"has-post-thumbnail","7":"category-hidalgo"},"_links":{"self":[{"href":"https:\/\/elreporterohgo.com\/noticias\/wp-json\/wp\/v2\/posts\/44868","targetHints":{"allow":["GET"]}}],"collection":[{"href":"https:\/\/elreporterohgo.com\/noticias\/wp-json\/wp\/v2\/posts"}],"about":[{"href":"https:\/\/elreporterohgo.com\/noticias\/wp-json\/wp\/v2\/types\/post"}],"author":[{"embeddable":true,"href":"https:\/\/elreporterohgo.com\/noticias\/wp-json\/wp\/v2\/users\/2"}],"replies":[{"embeddable":true,"href":"https:\/\/elreporterohgo.com\/noticias\/wp-json\/wp\/v2\/comments?post=44868"}],"version-history":[{"count":1,"href":"https:\/\/elreporterohgo.com\/noticias\/wp-json\/wp\/v2\/posts\/44868\/revisions"}],"predecessor-version":[{"id":44872,"href":"https:\/\/elreporterohgo.com\/noticias\/wp-json\/wp\/v2\/posts\/44868\/revisions\/44872"}],"wp:featuredmedia":[{"embeddable":true,"href":"https:\/\/elreporterohgo.com\/noticias\/wp-json\/wp\/v2\/media\/44869"}],"wp:attachment":[{"href":"https:\/\/elreporterohgo.com\/noticias\/wp-json\/wp\/v2\/media?parent=44868"}],"wp:term":[{"taxonomy":"category","embeddable":true,"href":"https:\/\/elreporterohgo.com\/noticias\/wp-json\/wp\/v2\/categories?post=44868"},{"taxonomy":"post_tag","embeddable":true,"href":"https:\/\/elreporterohgo.com\/noticias\/wp-json\/wp\/v2\/tags?post=44868"}],"curies":[{"name":"wp","href":"https:\/\/api.w.org\/{rel}","templated":true}]}}