{"id":44855,"date":"2021-12-03T12:52:55","date_gmt":"2021-12-03T18:52:55","guid":{"rendered":"https:\/\/elreporterohgo.com\/noticias\/?p=44855"},"modified":"2021-12-03T13:25:49","modified_gmt":"2021-12-03T19:25:49","slug":"%e2%80%bc%ef%b8%8ffatal-accidente-en-el-arco-norte-deja-varios-muertos%e2%80%bc%ef%b8%8f","status":"publish","type":"post","link":"https:\/\/elreporterohgo.com\/noticias\/2021\/12\/03\/%e2%80%bc%ef%b8%8ffatal-accidente-en-el-arco-norte-deja-varios-muertos%e2%80%bc%ef%b8%8f\/","title":{"rendered":"\u203c\ufe0fFATAL ACCIDENTE EN EL ARCO-NORTE DEJA VARIOS MUERTOS\u203c\ufe0f"},"content":{"rendered":"\n<p>A la altura de Espa\u00f1ita con direcci\u00f3n a Puebla<\/p>\n\n\n\n<figure class=\"wp-block-image\"><img fetchpriority=\"high\" decoding=\"async\" width=\"1024\" height=\"563\" src=\"https::\/\/elreporterohgo.com\/noticias\/wp-content\/uploads\/2021\/12\/0la-tul-2-1024x563.jpg\" alt=\"\" class=\"wp-image-44856\" srcset=\"https:\/\/elreporterohgo.com\/noticias\/wp-content\/uploads\/2021\/12\/0la-tul-2-1024x563.jpg 1024w, https:\/\/elreporterohgo.com\/noticias\/wp-content\/uploads\/2021\/12\/0la-tul-2-300x165.jpg 300w, https:\/\/elreporterohgo.com\/noticias\/wp-content\/uploads\/2021\/12\/0la-tul-2-768x423.jpg 768w, https:\/\/elreporterohgo.com\/noticias\/wp-content\/uploads\/2021\/12\/0la-tul-2.jpg 1423w\" sizes=\"(max-width: 1024px) 100vw, 1024px\" \/><\/figure>\n\n\n\n<p>\n\nPor No\u00e9 Isaac Guerrero\n\n<\/p>\n\n\n\n<p>ESPA\u00d1ITA, Tlaxcala.-  M\u00e1s detalles sobre el accidente en el Arco-Norte, d\u00f3nde luego de que una pipa y varios y trailers  terminaron involucrados en este aparatoso choque.<\/p>\n\n\n\n<p>Las autoridades han detallado que el origen del fuerte incendio se debi\u00f3 a que una pipa de combustible comenz\u00f3 a incendiarse, lo que provoc\u00f3 que varios autos y trailers se vieran alcanzados por las llamas.<\/p>\n\n\n\n<p><a href=\"https:s:\/\/www.facebook.com\/juansabino.cruzpelcastre\/videos\/1083920722437674\">https:s:\/\/www.facebook.com\/juansabino.cruzpelcastre\/videos\/1083920722437674<\/a><\/p>\n\n\n\n<p>De acuerdo a los reportes oficiales se hablan varias personas fallecidas.<\/p>\n\n\n\n<p>Los servicios de emergencia se encuentran controlando el incendio a la altura de San Francisco Mitepec, con direcci\u00f3n a Puebla en el Km 204+400.<\/p>\n\n\n\n<p>INFORMACION DE ULTIMA HORA<\/p>\n\n\n\n<p>\u203c\ufe0f TRAS TERRIBLE ACCIDENTE AUTOMOVIL\u00cdSTICO, VARIOS VEH\u00cdCULOS SE INCENDIAN EN EL ARCO-NORTE \u203c\ufe0f<\/p>\n\n\n\n<p>Hace unos minutos fue reportado a los n\u00fameros de emergencia un aparatoso accidente automovil\u00edstico.<\/p>\n\n\n\n<p>Versiones no oficiales indican que una pipa impacto contra varios veh\u00edculos particulares y trailers, lo cual provoc\u00f3 se generara un fuerte incendio d\u00f3nde varias unidades se vieron afectadas.<\/p>\n\n\n\n<p>Se menciona que hay varias personas fallecidas y otras tantas lesionadas, sin embargo a\u00fan se desconoce el n\u00famero de afectados y v\u00edctimas de este terrible accidente.<\/p>\n\n\n\n<p>Debido a la gravedad de los hechos la autopista Arco-Norte tuvo que cerrar la circulaci\u00f3n para realizar los labores de ayuda, el accidente se registro a la altura de \u201cEspa\u00f1ita\u00bb en el Km 204, con direcci\u00f3n Puebla.<\/p>\n\n\n\n<p>En el lugar ya se encuentran unidades de emergencias para auxiliar a los involucrados.<\/p>\n","protected":false},"excerpt":{"rendered":"<p>A la altura de Espa\u00f1ita con direcci\u00f3n a Puebla Por No\u00e9 Isaac Guerrero ESPA\u00d1ITA, Tlaxcala.- M\u00e1s detalles sobre el accidente en el Arco-Norte, d\u00f3nde luego de que una pipa y varios y trailers terminaron involucrados en este aparatoso choque. Las autoridades han detallado que el origen del fuerte incendio se debi\u00f3 a que una pipa<\/p>\n","protected":false},"author":2,"featured_media":44856,"comment_status":"open","ping_status":"closed","sticky":false,"template":"","format":"standard","meta":{"footnotes":""},"categories":[10],"tags":[],"class_list":{"0":"post-44855","1":"post","2":"type-post","3":"status-publish","4":"format-standard","5":"has-post-thumbnail","7":"category-hidalgo"},"_links":{"self":[{"href":"https:\/\/elreporterohgo.com\/noticias\/wp-json\/wp\/v2\/posts\/44855","targetHints":{"allow":["GET"]}}],"collection":[{"href":"https:\/\/elreporterohgo.com\/noticias\/wp-json\/wp\/v2\/posts"}],"about":[{"href":"https:\/\/elreporterohgo.com\/noticias\/wp-json\/wp\/v2\/types\/post"}],"author":[{"embeddable":true,"href":"https:\/\/elreporterohgo.com\/noticias\/wp-json\/wp\/v2\/users\/2"}],"replies":[{"embeddable":true,"href":"https:\/\/elreporterohgo.com\/noticias\/wp-json\/wp\/v2\/comments?post=44855"}],"version-history":[{"count":6,"href":"https:\/\/elreporterohgo.com\/noticias\/wp-json\/wp\/v2\/posts\/44855\/revisions"}],"predecessor-version":[{"id":44863,"href":"https:\/\/elreporterohgo.com\/noticias\/wp-json\/wp\/v2\/posts\/44855\/revisions\/44863"}],"wp:featuredmedia":[{"embeddable":true,"href":"https:\/\/elreporterohgo.com\/noticias\/wp-json\/wp\/v2\/media\/44856"}],"wp:attachment":[{"href":"https:\/\/elreporterohgo.com\/noticias\/wp-json\/wp\/v2\/media?parent=44855"}],"wp:term":[{"taxonomy":"category","embeddable":true,"href":"https:\/\/elreporterohgo.com\/noticias\/wp-json\/wp\/v2\/categories?post=44855"},{"taxonomy":"post_tag","embeddable":true,"href":"https:\/\/elreporterohgo.com\/noticias\/wp-json\/wp\/v2\/tags?post=44855"}],"curies":[{"name":"wp","href":"https:\/\/api.w.org\/{rel}","templated":true}]}}