{"id":44831,"date":"2021-12-03T04:53:02","date_gmt":"2021-12-03T10:53:02","guid":{"rendered":"https:\/\/elreporterohgo.com\/noticias\/?p=44831"},"modified":"2021-12-03T04:53:03","modified_gmt":"2021-12-03T10:53:03","slug":"tulancingo-capta-la-atencion-en-delitos-sexuales","status":"publish","type":"post","link":"https:\/\/elreporterohgo.com\/noticias\/2021\/12\/03\/tulancingo-capta-la-atencion-en-delitos-sexuales\/","title":{"rendered":"Tulancingo capta la atenci\u00f3n en delitos sexuales"},"content":{"rendered":"\n<figure class=\"wp-block-image\"><img fetchpriority=\"high\" decoding=\"async\" width=\"359\" height=\"233\" src=\"https::\/\/elreporterohgo.com\/noticias\/wp-content\/uploads\/2021\/12\/safe_image-2-1.jpg\" alt=\"\" class=\"wp-image-44832\" srcset=\"https:\/\/elreporterohgo.com\/noticias\/wp-content\/uploads\/2021\/12\/safe_image-2-1.jpg 359w, https:\/\/elreporterohgo.com\/noticias\/wp-content\/uploads\/2021\/12\/safe_image-2-1-300x195.jpg 300w\" sizes=\"(max-width: 359px) 100vw, 359px\" \/><\/figure>\n\n\n\n<p>Tulancingo de Bravo.- Con base en datos de prueba aportados\npor la Procuradur\u00eda General de Justicia del Estado de Hidalgo (PGJEH), la\nautoridad judicial determin\u00f3 vincular a proceso a una persona por su probable\nresponsabilidad en abuso sexual agravado.<\/p>\n\n\n\n<p>Los hechos de los que tuvo conocimiento esta representaci\u00f3n\nsocial ocurrieron en Tulancingo de Bravo, una vez que la persona agraviada fue\nv\u00edctima de tocamientos en m\u00e1s de una ocasi\u00f3n, la primera sucedi\u00f3 en diciembre\ndel 2020 y el 21 de junio del 2021 nuevamente hubo otro ataque. <\/p>\n\n\n\n<p>De lo sucedido tuvo conocimiento la PGJEH a trav\u00e9s de la\nSubprocuradur\u00eda de delitos de g\u00e9nero, desaparici\u00f3n de personas e impacto\nsocial, por lo que se inici\u00f3 la carpeta de investigaci\u00f3n correspondiente y se\nbrind\u00f3 atenci\u00f3n integral a la v\u00edctima.<\/p>\n\n\n\n<p>Los agentes del Ministerio P\u00fablico encargados de dirigir las\nindagatorias se allegaron de datos de prueba necesarios para presentarlos ante\nla autoridad judicial y solicitar la vinculaci\u00f3n a proceso del probable.<\/p>\n\n\n\n<p>En audiencia inicial, la jueza conocedora de la causa penal,\ntras valorar lo expuesto por el Ministerio P\u00fablico durante la formulaci\u00f3n de la\nimputaci\u00f3n, dict\u00f3 la vinculaci\u00f3n a proceso para el probable, a quien adem\u00e1s le\nimpuso como medida cautelar prisi\u00f3n preventiva oficiosa. <\/p>\n\n\n\n<p>La autoridad judicial concedi\u00f3 a las partes un plazo de un\nmes para el cierre de la investigaci\u00f3n complementaria.<\/p>\n\n\n\n<p>VINCULAN A PROCESO A PRESUNTO VIOLADOR<\/p>\n\n\n\n<p>Progreso de Obreg\u00f3n, Hgo.- Mediante investigaciones\ncoordinadas por personal ministerial adscrito a la Subprocuradur\u00eda poniente, se\nrecabaron datos de prueba que sirvieron para que un juez de control dictara el\nauto de vinculaci\u00f3n a proceso para una persona por violaci\u00f3n, ocurrida en\nProgreso de Obreg\u00f3n.<\/p>\n\n\n\n<p>Los hechos imputados ocurrieron el pasado 18 de noviembre, en\nun inmueble privado en el que la v\u00edctima se encontraba cuando una persona\ningres\u00f3 y la atac\u00f3 sexualmente.<\/p>\n\n\n\n<p>Con motivo de dicha agresi\u00f3n, la parte agraviada acudi\u00f3 a la\nagencia del Ministerio P\u00fablico para denunciar al probable responsable y de\ninmediato se inici\u00f3 una carpeta de investigaci\u00f3n en su contra.<\/p>\n\n\n\n<p>La autoridad ministerial encargada de realizar las\nindagatorias, reuni\u00f3 los datos de prueba contra el probable identificado como\nEdgar \u201cN\u201d, mismos que present\u00f3 en audiencia inicial al formular la imputaci\u00f3n.<\/p>\n\n\n\n<p>Con base en lo expuesto por el Ministerio P\u00fablico, el juez\nconocedor de la causa penal dict\u00f3 la vinculaci\u00f3n a proceso del probable y le\nimpuso la medida cautelar de prisi\u00f3n preventiva oficiosa.<\/p>\n\n\n\n<p>A las partes les otorgaron tres meses como plazo para el\ncierre de la investigaci\u00f3n complementaria.<\/p>\n\n\n\n<p>VIOLADOR A LA CARCEL<\/p>\n\n\n\n<p>TULANCINGO, Hgo.- Un agente del Ministerio P\u00fablico de la\nSubprocuradur\u00eda de delitos de g\u00e9nero, desaparici\u00f3n de personas e impacto\nsocial, obtuvo del tribunal de enjuiciamiento del distrito judicial de\nTulancingo de Bravo, sentencia de siete a\u00f1os de prisi\u00f3n para una persona por\nviolaci\u00f3n.<\/p>\n\n\n\n<p>Los hechos que esta representaci\u00f3n social investig\u00f3\nocurrieron el 16 de septiembre del 2020, en el citado municipio, donde la\nv\u00edctima fue agredida sexualmente por una persona identificada como Luis Miguel\n\u201cN\u201d.<\/p>\n\n\n\n<p>De estos hechos tuvo conocimiento la Procuradur\u00eda General de\nJusticia del Estado de Hidalgo (PGJEH) por lo que se inici\u00f3 la carpeta de\ninvestigaci\u00f3n y de manera paralela personal multidisciplinario brind\u00f3 atenci\u00f3n\nintegral a la v\u00edctima.<\/p>\n\n\n\n<p>El agente del Ministerio P\u00fablico reuni\u00f3 datos de prueba\nsuficientes contra Luis Miguel \u201cN\u201d, en su calidad de probable responsable,\nmismos que present\u00f3 en audiencia inicial para que posteriormente un juez de\ncontrol dictara la vinculaci\u00f3n a proceso para el imputado.<\/p>\n\n\n\n<p>Una vez agotadas todas las etapas del proceso penal, la\nautoridad judicial dict\u00f3 sentencia condenatoria contra Luis Miguel\n\u00abN\u00bb.<\/p>\n\n\n\n<p>Durante la audiencia de individualizaci\u00f3n de sanciones, el\ntribunal de enjuiciamiento impuso una pena de siete a\u00f1os de prisi\u00f3n para quien\ndicha&nbsp; autoridad judicial consider\u00f3 como\nresponsable de los hechos imputados, as\u00ed como tambi\u00e9n le fue impuesta una multa\necon\u00f3mica y el pago por concepto de la reparaci\u00f3n del da\u00f1o.<\/p>\n\n\n\n<p>ABUSO SEXIUAL AGRAVADO <\/p>\n\n\n\n<p>TULANCINGO, Hgo.- La Subprocuradur\u00eda de delitos de g\u00e9nero,\ndesaparici\u00f3n de personas e impacto social, de la Procuradur\u00eda General de\nJusticia del estado de Hidalgo (PGJEH), obtuvo de la autoridad judicial\nvinculaci\u00f3n a proceso de una persona investigada por&nbsp; abuso sexual agravado.<\/p>\n\n\n\n<p>Los hechos que le fueron imputados a quien es identificado\ncomo Santiago \u201cN\u201d ocurrieron en Tulancingo de Bravo el pasado 12 de octubre,\nfecha en la que la v\u00edctima fue agredida sexualmente mediante tocamientos. <\/p>\n\n\n\n<p>Por lo ocurrido la PGJEH inici\u00f3 la carpeta de investigaci\u00f3n\npor abuso sexual agravado, a la par brind\u00f3 atenci\u00f3n integral a la v\u00edctima a\ntrav\u00e9s de un equipo multidisciplinario.<\/p>\n\n\n\n<p>El agente del Ministerio P\u00fablico encargado de dirigir la\ninvestigaci\u00f3n, se alleg\u00f3 de datos de prueba para presentarlos ante el juez de\ncontrol y solicitar la vinculaci\u00f3n a proceso del probable.<\/p>\n\n\n\n<p>El juez conocedor de la causa, tras analizar dichos datos de\nprueba aportados por el Ministerio P\u00fablico, dict\u00f3 la vinculaci\u00f3n a proceso para\nSantiago \u201cN\u201d quien permanece en prisi\u00f3n preventiva oficiosa.<\/p>\n\n\n\n<p>Antes de finalizar la audiencia la autoridad judicial\nconcedi\u00f3 a las partes un plazo de un mes y quince d\u00edas para el cierre de la\ninvestigaci\u00f3n complementaria.<\/p>\n","protected":false},"excerpt":{"rendered":"<p>Tulancingo de Bravo.- Con base en datos de prueba aportados por la Procuradur\u00eda General de Justicia del Estado de Hidalgo (PGJEH), la autoridad judicial determin\u00f3 vincular a proceso a una persona por su probable responsabilidad en abuso sexual agravado. Los hechos de los que tuvo conocimiento esta representaci\u00f3n social ocurrieron en Tulancingo de Bravo, una<\/p>\n","protected":false},"author":2,"featured_media":44832,"comment_status":"open","ping_status":"closed","sticky":false,"template":"","format":"standard","meta":{"footnotes":""},"categories":[10],"tags":[],"class_list":{"0":"post-44831","1":"post","2":"type-post","3":"status-publish","4":"format-standard","5":"has-post-thumbnail","7":"category-hidalgo"},"_links":{"self":[{"href":"https:\/\/elreporterohgo.com\/noticias\/wp-json\/wp\/v2\/posts\/44831","targetHints":{"allow":["GET"]}}],"collection":[{"href":"https:\/\/elreporterohgo.com\/noticias\/wp-json\/wp\/v2\/posts"}],"about":[{"href":"https:\/\/elreporterohgo.com\/noticias\/wp-json\/wp\/v2\/types\/post"}],"author":[{"embeddable":true,"href":"https:\/\/elreporterohgo.com\/noticias\/wp-json\/wp\/v2\/users\/2"}],"replies":[{"embeddable":true,"href":"https:\/\/elreporterohgo.com\/noticias\/wp-json\/wp\/v2\/comments?post=44831"}],"version-history":[{"count":1,"href":"https:\/\/elreporterohgo.com\/noticias\/wp-json\/wp\/v2\/posts\/44831\/revisions"}],"predecessor-version":[{"id":44833,"href":"https:\/\/elreporterohgo.com\/noticias\/wp-json\/wp\/v2\/posts\/44831\/revisions\/44833"}],"wp:featuredmedia":[{"embeddable":true,"href":"https:\/\/elreporterohgo.com\/noticias\/wp-json\/wp\/v2\/media\/44832"}],"wp:attachment":[{"href":"https:\/\/elreporterohgo.com\/noticias\/wp-json\/wp\/v2\/media?parent=44831"}],"wp:term":[{"taxonomy":"category","embeddable":true,"href":"https:\/\/elreporterohgo.com\/noticias\/wp-json\/wp\/v2\/categories?post=44831"},{"taxonomy":"post_tag","embeddable":true,"href":"https:\/\/elreporterohgo.com\/noticias\/wp-json\/wp\/v2\/tags?post=44831"}],"curies":[{"name":"wp","href":"https:\/\/api.w.org\/{rel}","templated":true}]}}