{"id":44820,"date":"2021-12-02T15:37:13","date_gmt":"2021-12-02T21:37:13","guid":{"rendered":"https:\/\/elreporterohgo.com\/noticias\/?p=44820"},"modified":"2021-12-02T15:37:14","modified_gmt":"2021-12-02T21:37:14","slug":"concurrida-celebracion-de-encendido-del-arbol-de-navidad","status":"publish","type":"post","link":"https:\/\/elreporterohgo.com\/noticias\/2021\/12\/02\/concurrida-celebracion-de-encendido-del-arbol-de-navidad\/","title":{"rendered":"Concurrida celebraci\u00f3n de encendido del \u00e1rbol de Navidad"},"content":{"rendered":"\n<figure class=\"wp-block-image\"><img fetchpriority=\"high\" decoding=\"async\" width=\"1024\" height=\"683\" src=\"https::\/\/elreporterohgo.com\/noticias\/wp-content\/uploads\/2021\/12\/91ebe4fd-c030-488e-a7c1-6acaa0b076d3-1024x683.jpg\" alt=\"\" class=\"wp-image-44821\" srcset=\"https:\/\/elreporterohgo.com\/noticias\/wp-content\/uploads\/2021\/12\/91ebe4fd-c030-488e-a7c1-6acaa0b076d3-1024x683.jpg 1024w, https:\/\/elreporterohgo.com\/noticias\/wp-content\/uploads\/2021\/12\/91ebe4fd-c030-488e-a7c1-6acaa0b076d3-300x200.jpg 300w, https:\/\/elreporterohgo.com\/noticias\/wp-content\/uploads\/2021\/12\/91ebe4fd-c030-488e-a7c1-6acaa0b076d3-768x512.jpg 768w, https:\/\/elreporterohgo.com\/noticias\/wp-content\/uploads\/2021\/12\/91ebe4fd-c030-488e-a7c1-6acaa0b076d3.jpg 1296w\" sizes=\"(max-width: 1024px) 100vw, 1024px\" \/><\/figure>\n\n\n\n<figure class=\"wp-block-image\"><img decoding=\"async\" width=\"1024\" height=\"683\" src=\"https::\/\/elreporterohgo.com\/noticias\/wp-content\/uploads\/2021\/12\/29dcfc31-179e-4eb6-9317-b9cfd6c6bf32-1024x683.jpg\" alt=\"\" class=\"wp-image-44822\" srcset=\"https:\/\/elreporterohgo.com\/noticias\/wp-content\/uploads\/2021\/12\/29dcfc31-179e-4eb6-9317-b9cfd6c6bf32-1024x683.jpg 1024w, https:\/\/elreporterohgo.com\/noticias\/wp-content\/uploads\/2021\/12\/29dcfc31-179e-4eb6-9317-b9cfd6c6bf32-300x200.jpg 300w, https:\/\/elreporterohgo.com\/noticias\/wp-content\/uploads\/2021\/12\/29dcfc31-179e-4eb6-9317-b9cfd6c6bf32-768x512.jpg 768w, https:\/\/elreporterohgo.com\/noticias\/wp-content\/uploads\/2021\/12\/29dcfc31-179e-4eb6-9317-b9cfd6c6bf32.jpg 1296w\" sizes=\"(max-width: 1024px) 100vw, 1024px\" \/><\/figure>\n\n\n\n<figure class=\"wp-block-image\"><img decoding=\"async\" width=\"1024\" height=\"683\" src=\"https::\/\/elreporterohgo.com\/noticias\/wp-content\/uploads\/2021\/12\/0848998f-ef70-49ad-a8de-57a1122205e3-1024x683.jpg\" alt=\"\" class=\"wp-image-44823\" srcset=\"https:\/\/elreporterohgo.com\/noticias\/wp-content\/uploads\/2021\/12\/0848998f-ef70-49ad-a8de-57a1122205e3-1024x683.jpg 1024w, https:\/\/elreporterohgo.com\/noticias\/wp-content\/uploads\/2021\/12\/0848998f-ef70-49ad-a8de-57a1122205e3-300x200.jpg 300w, https:\/\/elreporterohgo.com\/noticias\/wp-content\/uploads\/2021\/12\/0848998f-ef70-49ad-a8de-57a1122205e3-768x512.jpg 768w, https:\/\/elreporterohgo.com\/noticias\/wp-content\/uploads\/2021\/12\/0848998f-ef70-49ad-a8de-57a1122205e3.jpg 1296w\" sizes=\"(max-width: 1024px) 100vw, 1024px\" \/><\/figure>\n\n\n\n<figure class=\"wp-block-image\"><img loading=\"lazy\" decoding=\"async\" width=\"1024\" height=\"683\" src=\"https::\/\/elreporterohgo.com\/noticias\/wp-content\/uploads\/2021\/12\/01063125-cf7d-4413-a583-5f677d5fa7d6-1024x683.jpg\" alt=\"\" class=\"wp-image-44824\" srcset=\"https:\/\/elreporterohgo.com\/noticias\/wp-content\/uploads\/2021\/12\/01063125-cf7d-4413-a583-5f677d5fa7d6-1024x683.jpg 1024w, https:\/\/elreporterohgo.com\/noticias\/wp-content\/uploads\/2021\/12\/01063125-cf7d-4413-a583-5f677d5fa7d6-300x200.jpg 300w, https:\/\/elreporterohgo.com\/noticias\/wp-content\/uploads\/2021\/12\/01063125-cf7d-4413-a583-5f677d5fa7d6-768x512.jpg 768w, https:\/\/elreporterohgo.com\/noticias\/wp-content\/uploads\/2021\/12\/01063125-cf7d-4413-a583-5f677d5fa7d6.jpg 1296w\" sizes=\"(max-width: 1024px) 100vw, 1024px\" \/><\/figure>\n\n\n\n<p>Por Gerardo\nSol<\/p>\n\n\n\n<p>TEPEAPULCO,\nHGO.- La fiesta de la navidad lleg\u00f3 al municipio de Tepeapulco-Sahag\u00fan donde\nmiles de personas se reunieron para participar en el encendido del \u00e1rbol en un\nambiente de fraternidad y cuidando la sana distancia.<\/p>\n\n\n\n<p>Marisol\nOrtega L\u00f3pez, Presidenta Municipal de Tepeapulco invito a la poblaci\u00f3n en\ngeneral para participar los d\u00edas 26 y 27 de noviembre en el tradicional evento\nde encendida de \u00e1rbol navide\u00f1o. <\/p>\n\n\n\n<p>Hubo una\nexcelente respuesta de la poblaci\u00f3n, la alcaldesa en su mensaje expres\u00f3 su satisfacci\u00f3n\nde poder desear a los Tepeapulquenses que en esta \u00e9poca navide\u00f1a la paz, fe y\nesperanza viva en los corazones ahora que inician las fechas m\u00e1s bonitas y\narmoniosas del a\u00f1o.<\/p>\n\n\n\n<p>Durante los\nencendidos de los \u00e1rboles navide\u00f1os se regalaron algunas golosinas, se cont\u00f3\ncon la participaci\u00f3n de distintos grupos art\u00edsticos del municipio y la regi\u00f3n que\namenizaron el ambiente y, estuvieron el Presidente del DIF Municipal, la diputada\nAdelaida Mu\u00f1oz, as\u00ed como mun\u00edcipes y funcionarios municipales.<\/p>\n\n\n\n<p>En #Tepeapulco #CorazonDelAltiplano #JuntosEncendemosLaNavidad<\/p>\n\n\n\n<figure class=\"wp-block-image\"><img loading=\"lazy\" decoding=\"async\" width=\"1024\" height=\"683\" src=\"https::\/\/elreporterohgo.com\/noticias\/wp-content\/uploads\/2021\/12\/37ac75e7-727d-4db8-bc5f-4632ca027790-1024x683.jpg\" alt=\"\" class=\"wp-image-44825\" srcset=\"https:\/\/elreporterohgo.com\/noticias\/wp-content\/uploads\/2021\/12\/37ac75e7-727d-4db8-bc5f-4632ca027790-1024x683.jpg 1024w, https:\/\/elreporterohgo.com\/noticias\/wp-content\/uploads\/2021\/12\/37ac75e7-727d-4db8-bc5f-4632ca027790-300x200.jpg 300w, https:\/\/elreporterohgo.com\/noticias\/wp-content\/uploads\/2021\/12\/37ac75e7-727d-4db8-bc5f-4632ca027790-768x512.jpg 768w, https:\/\/elreporterohgo.com\/noticias\/wp-content\/uploads\/2021\/12\/37ac75e7-727d-4db8-bc5f-4632ca027790.jpg 1296w\" sizes=\"(max-width: 1024px) 100vw, 1024px\" \/><\/figure>\n","protected":false},"excerpt":{"rendered":"<p>Por Gerardo Sol TEPEAPULCO, HGO.- La fiesta de la navidad lleg\u00f3 al municipio de Tepeapulco-Sahag\u00fan donde miles de personas se reunieron para participar en el encendido del \u00e1rbol en un ambiente de fraternidad y cuidando la sana distancia. Marisol Ortega L\u00f3pez, Presidenta Municipal de Tepeapulco invito a la poblaci\u00f3n en general para participar los d\u00edas<\/p>\n","protected":false},"author":2,"featured_media":44821,"comment_status":"open","ping_status":"closed","sticky":false,"template":"","format":"standard","meta":{"footnotes":""},"categories":[10],"tags":[],"class_list":{"0":"post-44820","1":"post","2":"type-post","3":"status-publish","4":"format-standard","5":"has-post-thumbnail","7":"category-hidalgo"},"_links":{"self":[{"href":"https:\/\/elreporterohgo.com\/noticias\/wp-json\/wp\/v2\/posts\/44820","targetHints":{"allow":["GET"]}}],"collection":[{"href":"https:\/\/elreporterohgo.com\/noticias\/wp-json\/wp\/v2\/posts"}],"about":[{"href":"https:\/\/elreporterohgo.com\/noticias\/wp-json\/wp\/v2\/types\/post"}],"author":[{"embeddable":true,"href":"https:\/\/elreporterohgo.com\/noticias\/wp-json\/wp\/v2\/users\/2"}],"replies":[{"embeddable":true,"href":"https:\/\/elreporterohgo.com\/noticias\/wp-json\/wp\/v2\/comments?post=44820"}],"version-history":[{"count":1,"href":"https:\/\/elreporterohgo.com\/noticias\/wp-json\/wp\/v2\/posts\/44820\/revisions"}],"predecessor-version":[{"id":44826,"href":"https:\/\/elreporterohgo.com\/noticias\/wp-json\/wp\/v2\/posts\/44820\/revisions\/44826"}],"wp:featuredmedia":[{"embeddable":true,"href":"https:\/\/elreporterohgo.com\/noticias\/wp-json\/wp\/v2\/media\/44821"}],"wp:attachment":[{"href":"https:\/\/elreporterohgo.com\/noticias\/wp-json\/wp\/v2\/media?parent=44820"}],"wp:term":[{"taxonomy":"category","embeddable":true,"href":"https:\/\/elreporterohgo.com\/noticias\/wp-json\/wp\/v2\/categories?post=44820"},{"taxonomy":"post_tag","embeddable":true,"href":"https:\/\/elreporterohgo.com\/noticias\/wp-json\/wp\/v2\/tags?post=44820"}],"curies":[{"name":"wp","href":"https:\/\/api.w.org\/{rel}","templated":true}]}}