{"id":44816,"date":"2021-12-02T14:31:54","date_gmt":"2021-12-02T20:31:54","guid":{"rendered":"https:\/\/elreporterohgo.com\/noticias\/?p=44816"},"modified":"2021-12-02T14:31:55","modified_gmt":"2021-12-02T20:31:55","slug":"quejas-contra-autoridades-municipales-de-mineral-de-la-reforma","status":"publish","type":"post","link":"https:\/\/elreporterohgo.com\/noticias\/2021\/12\/02\/quejas-contra-autoridades-municipales-de-mineral-de-la-reforma\/","title":{"rendered":"Quejas contra autoridades municipales de Mineral de la Reforma"},"content":{"rendered":"\n<figure class=\"wp-block-image\"><img fetchpriority=\"high\" decoding=\"async\" width=\"640\" height=\"480\" src=\"https::\/\/elreporterohgo.com\/noticias\/wp-content\/uploads\/2021\/12\/unoi.jpg\" alt=\"\" class=\"wp-image-44817\" srcset=\"https:\/\/elreporterohgo.com\/noticias\/wp-content\/uploads\/2021\/12\/unoi.jpg 640w, https:\/\/elreporterohgo.com\/noticias\/wp-content\/uploads\/2021\/12\/unoi-300x225.jpg 300w\" sizes=\"(max-width: 640px) 100vw, 640px\" \/><figcaption>Vecinos trabajaron para acondicionar su camell\u00f3n de uso com\u00fan en Villas del \u00c4lamo.<br><br><\/figcaption><\/figure>\n\n\n\n<figure class=\"wp-block-image\"><img decoding=\"async\" width=\"1024\" height=\"768\" src=\"https::\/\/elreporterohgo.com\/noticias\/wp-content\/uploads\/2021\/12\/unoi2-1024x768.jpg\" alt=\"\" class=\"wp-image-44818\" srcset=\"https:\/\/elreporterohgo.com\/noticias\/wp-content\/uploads\/2021\/12\/unoi2-1024x768.jpg 1024w, https:\/\/elreporterohgo.com\/noticias\/wp-content\/uploads\/2021\/12\/unoi2-300x225.jpg 300w, https:\/\/elreporterohgo.com\/noticias\/wp-content\/uploads\/2021\/12\/unoi2-768x576.jpg 768w, https:\/\/elreporterohgo.com\/noticias\/wp-content\/uploads\/2021\/12\/unoi2.jpg 1280w\" sizes=\"(max-width: 1024px) 100vw, 1024px\" \/><figcaption>La autoridad municipal de Mineral de la Reforma permiti\u00f3 la invasi\u00f3n del parea de uso com\u00fan para instalar puestos de comerciantes.<\/figcaption><\/figure>\n\n\n\n<p><\/p>\n\n\n\n<p>Protegen a venedores de v\u00eda p\u00fablica de la UNTA<\/p>\n\n\n\n<p>Por Juan\nSabino Cruz<\/p>\n\n\n\n<p>MINERAL DE\nLA REFORMA, Hgo.- Israel F\u00e9lix Soto sin duda ha fallado como Presidente\nMunicipal y de esta forma ha demostrado que le fala mucha preparaci\u00f3n y sensibilidad\npara ser gobernador de Hidalgo.<\/p>\n\n\n\n<p>El d\u00eda de ayer, quien esto escribe recibi\u00f3 una llamada telef\u00f3nica al celular, era una grabaci\u00f3n de voz de Israel F\u00e9lix Soto, alcalde de Mineral de la Reforma, el mismo invita a visitar el municipio que gobeirna y que pretende hacer parecer como para\u00edso terrenal.<\/p>\n\n\n\n<p>La realidad es que F\u00e9lix Soto parece que desconoce su municipio, solamente ubica la ruta de Pachuca a la remodelada plaza principal de Pachuquilla, pero el municipio es mucho m\u00e1s que eso, existen muchas quejas y necesidades que requieren ser atendidas.<\/p>\n\n\n\n<p>APOYO A LA\nUNTA<\/p>\n\n\n\n<p>Vecinos de Villas de El \u00c1lamo dieron a conocer que unieron esfuerzos para limpiar y arreglar el camell\u00f3n de acceso a su centro habitacional, pues deseaban disfrutar la imagen del \u00e1rea de uso com\u00fan.<\/p>\n\n\n\n<p>Afirmaron que fuera de legalidad, la autoridad municipal que encabeza Israel F\u00e9lix permiti\u00f3 que derribaran aboles y magueyes que estorbaban para la instalaci\u00f3n de comerciantes informales simpatizantes de la Uni\u00f3n Nacional de Trabajadores Agr\u00edcolas (UNTA).<\/p>\n\n\n\n<p>GASERA<\/p>\n\n\n\n<p>Agregaron\nque es de alto riesgo la puesta en servicio de gaseras, regularmente las mandan\nfuera del \u00e1rea urbana, sin embargo, en las inmediaciones del fraccionamiento\nTuzos y otras unidades habitacionales ya se instala una estaci\u00f3n de gas.<\/p>\n\n\n\n<p>Refieren que ya reclamaron sin ser escuchados, inclusive,  ahora re\u00fanen firmas y preparan una protesta para impedir la instalaci\u00f3n de la gasera por representar un peligro para las familias que viven en la zona.<\/p>\n\n\n\n<p>Estas son solo algunas de las quejas reales de gente que no ha sido ecuchada por la autoridad municipal de Mineral de la Reforma, sin embargo, hay quejas por la deshonesta Seguridad Municipal, calles sucias, deficiente recolecci\u00f3n de basura que era mucho mejor en la pasada administraci\u00f3n panista, entre otras irregularidades.<\/p>\n","protected":false},"excerpt":{"rendered":"<p>Protegen a venedores de v\u00eda p\u00fablica de la UNTA Por Juan Sabino Cruz MINERAL DE LA REFORMA, Hgo.- Israel F\u00e9lix Soto sin duda ha fallado como Presidente Municipal y de esta forma ha demostrado que le fala mucha preparaci\u00f3n y sensibilidad para ser gobernador de Hidalgo. El d\u00eda de ayer, quien esto escribe recibi\u00f3 una<\/p>\n","protected":false},"author":2,"featured_media":44817,"comment_status":"open","ping_status":"closed","sticky":false,"template":"","format":"standard","meta":{"footnotes":""},"categories":[10],"tags":[],"class_list":{"0":"post-44816","1":"post","2":"type-post","3":"status-publish","4":"format-standard","5":"has-post-thumbnail","7":"category-hidalgo"},"_links":{"self":[{"href":"https:\/\/elreporterohgo.com\/noticias\/wp-json\/wp\/v2\/posts\/44816","targetHints":{"allow":["GET"]}}],"collection":[{"href":"https:\/\/elreporterohgo.com\/noticias\/wp-json\/wp\/v2\/posts"}],"about":[{"href":"https:\/\/elreporterohgo.com\/noticias\/wp-json\/wp\/v2\/types\/post"}],"author":[{"embeddable":true,"href":"https:\/\/elreporterohgo.com\/noticias\/wp-json\/wp\/v2\/users\/2"}],"replies":[{"embeddable":true,"href":"https:\/\/elreporterohgo.com\/noticias\/wp-json\/wp\/v2\/comments?post=44816"}],"version-history":[{"count":1,"href":"https:\/\/elreporterohgo.com\/noticias\/wp-json\/wp\/v2\/posts\/44816\/revisions"}],"predecessor-version":[{"id":44819,"href":"https:\/\/elreporterohgo.com\/noticias\/wp-json\/wp\/v2\/posts\/44816\/revisions\/44819"}],"wp:featuredmedia":[{"embeddable":true,"href":"https:\/\/elreporterohgo.com\/noticias\/wp-json\/wp\/v2\/media\/44817"}],"wp:attachment":[{"href":"https:\/\/elreporterohgo.com\/noticias\/wp-json\/wp\/v2\/media?parent=44816"}],"wp:term":[{"taxonomy":"category","embeddable":true,"href":"https:\/\/elreporterohgo.com\/noticias\/wp-json\/wp\/v2\/categories?post=44816"},{"taxonomy":"post_tag","embeddable":true,"href":"https:\/\/elreporterohgo.com\/noticias\/wp-json\/wp\/v2\/tags?post=44816"}],"curies":[{"name":"wp","href":"https:\/\/api.w.org\/{rel}","templated":true}]}}