{"id":44764,"date":"2021-11-30T12:36:05","date_gmt":"2021-11-30T18:36:05","guid":{"rendered":"https:\/\/elreporterohgo.com\/noticias\/?p=44764"},"modified":"2021-11-30T23:59:03","modified_gmt":"2021-12-01T05:59:03","slug":"apoyemos-para-que-regresen-a-sus-hogares-3","status":"publish","type":"post","link":"https:\/\/elreporterohgo.com\/noticias\/2021\/11\/30\/apoyemos-para-que-regresen-a-sus-hogares-3\/","title":{"rendered":"Apoyemos para que regresen a sus hogares"},"content":{"rendered":"\n<figure class=\"wp-block-image\"><img fetchpriority=\"high\" decoding=\"async\" width=\"787\" height=\"1024\" src=\"https::\/\/elreporterohgo.com\/noticias\/wp-content\/uploads\/2021\/11\/BEATRIZ-VARGAS-VARGAS-787x1024.jpg\" alt=\"\" class=\"wp-image-44792\" srcset=\"https:\/\/elreporterohgo.com\/noticias\/wp-content\/uploads\/2021\/11\/BEATRIZ-VARGAS-VARGAS-787x1024.jpg 787w, https:\/\/elreporterohgo.com\/noticias\/wp-content\/uploads\/2021\/11\/BEATRIZ-VARGAS-VARGAS-230x300.jpg 230w, https:\/\/elreporterohgo.com\/noticias\/wp-content\/uploads\/2021\/11\/BEATRIZ-VARGAS-VARGAS-768x1000.jpg 768w, https:\/\/elreporterohgo.com\/noticias\/wp-content\/uploads\/2021\/11\/BEATRIZ-VARGAS-VARGAS.jpg 812w\" sizes=\"(max-width: 787px) 100vw, 787px\" \/><\/figure>\n\n\n\n<p><\/p>\n\n\n\n<figure class=\"wp-block-image\"><img decoding=\"async\" width=\"787\" height=\"1024\" src=\"https::\/\/elreporterohgo.com\/noticias\/wp-content\/uploads\/2021\/11\/PETRA-\u00c1VILA-787x1024.jpg\" alt=\"\" class=\"wp-image-44766\" srcset=\"https:\/\/elreporterohgo.com\/noticias\/wp-content\/uploads\/2021\/11\/PETRA-\u00c1VILA-787x1024.jpg 787w, https:\/\/elreporterohgo.com\/noticias\/wp-content\/uploads\/2021\/11\/PETRA-\u00c1VILA-230x300.jpg 230w, https:\/\/elreporterohgo.com\/noticias\/wp-content\/uploads\/2021\/11\/PETRA-\u00c1VILA-768x1000.jpg 768w, https:\/\/elreporterohgo.com\/noticias\/wp-content\/uploads\/2021\/11\/PETRA-\u00c1VILA.jpg 812w\" sizes=\"(max-width: 787px) 100vw, 787px\" \/><\/figure>\n\n\n\n<figure class=\"wp-block-image\"><img decoding=\"async\" width=\"787\" height=\"1024\" src=\"https::\/\/elreporterohgo.com\/noticias\/wp-content\/uploads\/2021\/11\/Y.I.F.R.-787x1024.jpg\" alt=\"\" class=\"wp-image-44768\" srcset=\"https:\/\/elreporterohgo.com\/noticias\/wp-content\/uploads\/2021\/11\/Y.I.F.R.-787x1024.jpg 787w, https:\/\/elreporterohgo.com\/noticias\/wp-content\/uploads\/2021\/11\/Y.I.F.R.-230x300.jpg 230w, https:\/\/elreporterohgo.com\/noticias\/wp-content\/uploads\/2021\/11\/Y.I.F.R.-768x1000.jpg 768w, https:\/\/elreporterohgo.com\/noticias\/wp-content\/uploads\/2021\/11\/Y.I.F.R..jpg 812w\" sizes=\"(max-width: 787px) 100vw, 787px\" \/><\/figure>\n\n\n\n<p>Compartan por favor<\/p>\n\n\n\n<p>EL REPORTERO invita a sus lectores, seguidores y amigos en\ngeneral a colaborar compartiendo la siguiente publicaci\u00f3n para apoyar o\nfacilitar la localizaci\u00f3n de las siguientes personas, sus familiares sufren por\ndesconocer su paradero.<\/p>\n\n\n\n<p>Debo precisar que YAMIN IVONNE no trabaja y tampoco ha\ntrabajado para la Procuradur\u00eda General de Justicia de Hidalgo como err\u00f3neamente\nlo han pretendido dar a conocer en algunas redes sociales.<\/p>\n\n\n\n<p>Si sabe d\u00f3nde est\u00e1n estas personas por favor comun\u00edquese a la Procuradur\u00eda General de Justicia de Hidalgo o corporaci\u00f3n de Seguridad Municipal m\u00e1s cercana para ayudar y regresen a sus hogares localizados en Mineral de la Reforma y Zempoala, respectivamente.<\/p>\n\n\n\n<p>ULTIMA HORA<\/p>\n\n\n\n<p>La joven Ivonne fue localizada sana y salva en la colonia Santa Julia de Pachuca, no hay delito que prseguir, pues afirm\u00f3 que por su voluntad salio de su hogar.<\/p>\n","protected":false},"excerpt":{"rendered":"<p>Compartan por favor EL REPORTERO invita a sus lectores, seguidores y amigos en general a colaborar compartiendo la siguiente publicaci\u00f3n para apoyar o facilitar la localizaci\u00f3n de las siguientes personas, sus familiares sufren por desconocer su paradero. Debo precisar que YAMIN IVONNE no trabaja y tampoco ha trabajado para la Procuradur\u00eda General de Justicia de<\/p>\n","protected":false},"author":2,"featured_media":44765,"comment_status":"open","ping_status":"closed","sticky":false,"template":"","format":"standard","meta":{"footnotes":""},"categories":[10],"tags":[],"class_list":{"0":"post-44764","1":"post","2":"type-post","3":"status-publish","4":"format-standard","5":"has-post-thumbnail","7":"category-hidalgo"},"_links":{"self":[{"href":"https:\/\/elreporterohgo.com\/noticias\/wp-json\/wp\/v2\/posts\/44764","targetHints":{"allow":["GET"]}}],"collection":[{"href":"https:\/\/elreporterohgo.com\/noticias\/wp-json\/wp\/v2\/posts"}],"about":[{"href":"https:\/\/elreporterohgo.com\/noticias\/wp-json\/wp\/v2\/types\/post"}],"author":[{"embeddable":true,"href":"https:\/\/elreporterohgo.com\/noticias\/wp-json\/wp\/v2\/users\/2"}],"replies":[{"embeddable":true,"href":"https:\/\/elreporterohgo.com\/noticias\/wp-json\/wp\/v2\/comments?post=44764"}],"version-history":[{"count":5,"href":"https:\/\/elreporterohgo.com\/noticias\/wp-json\/wp\/v2\/posts\/44764\/revisions"}],"predecessor-version":[{"id":44793,"href":"https:\/\/elreporterohgo.com\/noticias\/wp-json\/wp\/v2\/posts\/44764\/revisions\/44793"}],"wp:featuredmedia":[{"embeddable":true,"href":"https:\/\/elreporterohgo.com\/noticias\/wp-json\/wp\/v2\/media\/44765"}],"wp:attachment":[{"href":"https:\/\/elreporterohgo.com\/noticias\/wp-json\/wp\/v2\/media?parent=44764"}],"wp:term":[{"taxonomy":"category","embeddable":true,"href":"https:\/\/elreporterohgo.com\/noticias\/wp-json\/wp\/v2\/categories?post=44764"},{"taxonomy":"post_tag","embeddable":true,"href":"https:\/\/elreporterohgo.com\/noticias\/wp-json\/wp\/v2\/tags?post=44764"}],"curies":[{"name":"wp","href":"https:\/\/api.w.org\/{rel}","templated":true}]}}