{"id":44743,"date":"2021-11-29T17:10:03","date_gmt":"2021-11-29T23:10:03","guid":{"rendered":"https:\/\/elreporterohgo.com\/noticias\/?p=44743"},"modified":"2021-11-29T17:10:04","modified_gmt":"2021-11-29T23:10:04","slug":"aparatosa-salida-de-camino-de-una-camioneta","status":"publish","type":"post","link":"https:\/\/elreporterohgo.com\/noticias\/2021\/11\/29\/aparatosa-salida-de-camino-de-una-camioneta\/","title":{"rendered":"Aparatosa salida de camino de una camioneta"},"content":{"rendered":"\n<figure class=\"wp-block-image\"><img fetchpriority=\"high\" decoding=\"async\" width=\"1024\" height=\"769\" src=\"https::\/\/elreporterohgo.com\/noticias\/wp-content\/uploads\/2021\/11\/c5536d6b-ebad-4813-9905-3830bf6c6782-1024x769.jpg\" alt=\"\" class=\"wp-image-44744\" srcset=\"https:\/\/elreporterohgo.com\/noticias\/wp-content\/uploads\/2021\/11\/c5536d6b-ebad-4813-9905-3830bf6c6782-1024x769.jpg 1024w, https:\/\/elreporterohgo.com\/noticias\/wp-content\/uploads\/2021\/11\/c5536d6b-ebad-4813-9905-3830bf6c6782-300x225.jpg 300w, https:\/\/elreporterohgo.com\/noticias\/wp-content\/uploads\/2021\/11\/c5536d6b-ebad-4813-9905-3830bf6c6782-768x576.jpg 768w, https:\/\/elreporterohgo.com\/noticias\/wp-content\/uploads\/2021\/11\/c5536d6b-ebad-4813-9905-3830bf6c6782.jpg 1600w\" sizes=\"(max-width: 1024px) 100vw, 1024px\" \/><\/figure>\n\n\n\n<p>Todo qued\u00f3 en da\u00f1os materiales<\/p>\n\n\n\n<p>ALMOLOYA, HGO._ La salida de camino de una camioneta cargada\ncon sobrepeso, la tarde de hoy, origino la movilizaci\u00f3n de los cuerpos de\nseguridad y auxilio, afortunadamente todo qued\u00f3 en da\u00f1os materiales menores.<\/p>\n\n\n\n<p>Minutos despu\u00e9s de las 13 horas de hoy, oficiales de\nSeguridad Municipal realizaban un recorrido de seguridad por el bulevar que\nconduce a esta ciudad, a la altura del Lienzo Charro de Ocotepec, encontraron\naccidentada una camioneta Nissan NP 300, color blanco, placas HM6462-E.<\/p>\n\n\n\n<p>La unidad de referencia iba cargada en exceso con productos agricolas,  se sali\u00f3 del camino, el conductor identificado como P.A.R.R. y su acompa\u00f1ante A.A.J., estos de 21 y 16 a\u00f1os de edad resultaron con magullones menores.<\/p>\n","protected":false},"excerpt":{"rendered":"<p>Todo qued\u00f3 en da\u00f1os materiales ALMOLOYA, HGO._ La salida de camino de una camioneta cargada con sobrepeso, la tarde de hoy, origino la movilizaci\u00f3n de los cuerpos de seguridad y auxilio, afortunadamente todo qued\u00f3 en da\u00f1os materiales menores. Minutos despu\u00e9s de las 13 horas de hoy, oficiales de Seguridad Municipal realizaban un recorrido de seguridad<\/p>\n","protected":false},"author":2,"featured_media":44744,"comment_status":"open","ping_status":"closed","sticky":false,"template":"","format":"standard","meta":{"footnotes":""},"categories":[10],"tags":[],"class_list":{"0":"post-44743","1":"post","2":"type-post","3":"status-publish","4":"format-standard","5":"has-post-thumbnail","7":"category-hidalgo"},"_links":{"self":[{"href":"https:\/\/elreporterohgo.com\/noticias\/wp-json\/wp\/v2\/posts\/44743","targetHints":{"allow":["GET"]}}],"collection":[{"href":"https:\/\/elreporterohgo.com\/noticias\/wp-json\/wp\/v2\/posts"}],"about":[{"href":"https:\/\/elreporterohgo.com\/noticias\/wp-json\/wp\/v2\/types\/post"}],"author":[{"embeddable":true,"href":"https:\/\/elreporterohgo.com\/noticias\/wp-json\/wp\/v2\/users\/2"}],"replies":[{"embeddable":true,"href":"https:\/\/elreporterohgo.com\/noticias\/wp-json\/wp\/v2\/comments?post=44743"}],"version-history":[{"count":1,"href":"https:\/\/elreporterohgo.com\/noticias\/wp-json\/wp\/v2\/posts\/44743\/revisions"}],"predecessor-version":[{"id":44745,"href":"https:\/\/elreporterohgo.com\/noticias\/wp-json\/wp\/v2\/posts\/44743\/revisions\/44745"}],"wp:featuredmedia":[{"embeddable":true,"href":"https:\/\/elreporterohgo.com\/noticias\/wp-json\/wp\/v2\/media\/44744"}],"wp:attachment":[{"href":"https:\/\/elreporterohgo.com\/noticias\/wp-json\/wp\/v2\/media?parent=44743"}],"wp:term":[{"taxonomy":"category","embeddable":true,"href":"https:\/\/elreporterohgo.com\/noticias\/wp-json\/wp\/v2\/categories?post=44743"},{"taxonomy":"post_tag","embeddable":true,"href":"https:\/\/elreporterohgo.com\/noticias\/wp-json\/wp\/v2\/tags?post=44743"}],"curies":[{"name":"wp","href":"https:\/\/api.w.org\/{rel}","templated":true}]}}