{"id":44718,"date":"2021-11-28T23:32:52","date_gmt":"2021-11-29T05:32:52","guid":{"rendered":"https:\/\/elreporterohgo.com\/noticias\/?p=44718"},"modified":"2021-11-28T23:32:53","modified_gmt":"2021-11-29T05:32:53","slug":"develan-un-relieve-de-felipe-angeles","status":"publish","type":"post","link":"https:\/\/elreporterohgo.com\/noticias\/2021\/11\/28\/develan-un-relieve-de-felipe-angeles\/","title":{"rendered":"Develan un relieve de Felipe \u00c1ngeles"},"content":{"rendered":"\n<figure class=\"wp-block-image\"><img fetchpriority=\"high\" decoding=\"async\" width=\"1024\" height=\"682\" src=\"https::\/\/elreporterohgo.com\/noticias\/wp-content\/uploads\/2021\/11\/unnamed-2021-11-28T233119.422-2-1024x682.jpg\" alt=\"\" class=\"wp-image-44719\" srcset=\"https:\/\/elreporterohgo.com\/noticias\/wp-content\/uploads\/2021\/11\/unnamed-2021-11-28T233119.422-2-1024x682.jpg 1024w, https:\/\/elreporterohgo.com\/noticias\/wp-content\/uploads\/2021\/11\/unnamed-2021-11-28T233119.422-2-300x200.jpg 300w, https:\/\/elreporterohgo.com\/noticias\/wp-content\/uploads\/2021\/11\/unnamed-2021-11-28T233119.422-2-768x512.jpg 768w, https:\/\/elreporterohgo.com\/noticias\/wp-content\/uploads\/2021\/11\/unnamed-2021-11-28T233119.422-2.jpg 1280w\" sizes=\"(max-width: 1024px) 100vw, 1024px\" \/><\/figure>\n\n\n\n<p>El la fachada principal de la 18a Zona Militar<\/p>\n\n\n\n<p>Pachuca,\nHgo.- El gobernador Omar Fayad particip\u00f3 en la ceremonia\ndel 102 aniversario luctuoso del general Felipe de Jes\u00fas \u00c1ngeles Ram\u00edrez,\ndestacado hidalguense con liderazgo y reconocimiento nacional, que tuvo como\nsede la 18a Zona Militar.<\/p>\n\n\n\n<p>Las\nvidas de los hidalguenses destacados que nos anteceden, van moldeando nuestro\nperfil y nuestra identidad, ya que sin duda para Zacualtip\u00e1n y para Hidalgo, el\ngeneral Felipe \u00c1ngeles es motivo de orgullo y arraigo, afirm\u00f3.<\/p>\n\n\n\n<p>El\nmandatario estatal destac\u00f3 que el general Felipe \u00c1ngeles fue un hombre con\nconvicci\u00f3n, pero tambi\u00e9n un hombre de acci\u00f3n; su exilio en los Estados Unidos\ncon su familia y la ejecuci\u00f3n que puso fin a su vida en Chihuahua, ilustran a\nun estratega militar con principios definidos, mismos que llev\u00f3 a la pr\u00e1ctica\nde manera cotidiana. <\/p>\n\n\n\n<p>El\ntitular del Ejecutivo estatal celebr\u00f3 la conmemoraci\u00f3n del D\u00eda del General\nFelipe de Jes\u00fas \u00c1ngeles Ram\u00edrez, fecha establecida el a\u00f1o anterior por la\nsexag\u00e9sima cuarta legislatura del Congreso de Hidalgo, ya que permitir\u00e1 a los\nhidalguenses recordarlo como un gestor de la historia del pa\u00eds. Sobre todo,\ncomo un hombre de la generaci\u00f3n revolucionaria, que abri\u00f3 las puertas al M\u00e9xico\nmoderno.<\/p>\n\n\n\n<p>Ante\nrepresentantes de los tres poderes, Fayad declar\u00f3 que el general \u00c1ngeles fue un\nhijo de su tiempo, un militar, quien particip\u00f3 en un movimiento nacional que\ngest\u00f3 el inicio de un pa\u00eds que empez\u00f3 su b\u00fasqueda por tener menos desigualdad y\nm\u00e1s justicia social.<\/p>\n\n\n\n<p>Durante\nel evento, el gobernador Omar Fayad la develaci\u00f3n del relieve que ornamenta la\nfachada principal de la 18a Zona Militar, hecho que calific\u00f3 el mandatario como\nun gran gesto que el cuerpo militar reconozca en Hidalgo a \u201cun paisano ejemplar\u201d.<\/p>\n\n\n\n<p>Destac\u00f3\nque en el contexto nacional tambi\u00e9n hay actos de reconocimiento hacia el general\nFelipe \u00c1ngeles Ram\u00edrez; entre ellos, el realizado en febrero de 2019, cuando el\npresidente Andr\u00e9s Manuel L\u00f3pez Obrador, anunci\u00f3 que el nuevo aeropuerto\nllevar\u00eda su nombre.<\/p>\n\n\n\n<p>Aeropuerto\ncivil-militar que dijo, ser\u00e1 muy ben\u00e9fico para nuestro estado, ya que mejorar\u00e1\nla conectividad internacional y fortalecer\u00e1 nuestra competitividad regional y\nnacional.<\/p>\n\n\n\n<p>El general brigadier diplomado de Estado Mayor, Bernab\u00e9 Bernardo Ch\u00e1vez Lira, comandante de la 18a Zona Militar, dijo que hablar de Felipe \u00c1ngeles es hablar del estratega militar de la Revoluci\u00f3n Mexicana, nacido en Zacualtip\u00e1n, conciliador, catedr\u00e1tico, pragm\u00e1tico, leal a las instituciones legalmente constituidas, con amor a la patria, defensor de la integridad y soberan\u00eda de la naci\u00f3n.<\/p>\n\n\n\n<figure class=\"wp-block-image\"><img decoding=\"async\" width=\"1024\" height=\"682\" src=\"https::\/\/elreporterohgo.com\/noticias\/wp-content\/uploads\/2021\/11\/unnamed-2021-11-28T232913.138-1024x682.jpg\" alt=\"\" class=\"wp-image-44720\" srcset=\"https:\/\/elreporterohgo.com\/noticias\/wp-content\/uploads\/2021\/11\/unnamed-2021-11-28T232913.138-1024x682.jpg 1024w, https:\/\/elreporterohgo.com\/noticias\/wp-content\/uploads\/2021\/11\/unnamed-2021-11-28T232913.138-300x200.jpg 300w, https:\/\/elreporterohgo.com\/noticias\/wp-content\/uploads\/2021\/11\/unnamed-2021-11-28T232913.138-768x512.jpg 768w, https:\/\/elreporterohgo.com\/noticias\/wp-content\/uploads\/2021\/11\/unnamed-2021-11-28T232913.138.jpg 1280w\" sizes=\"(max-width: 1024px) 100vw, 1024px\" \/><\/figure>\n","protected":false},"excerpt":{"rendered":"<p>El la fachada principal de la 18a Zona Militar Pachuca, Hgo.- El gobernador Omar Fayad particip\u00f3 en la ceremonia del 102 aniversario luctuoso del general Felipe de Jes\u00fas \u00c1ngeles Ram\u00edrez, destacado hidalguense con liderazgo y reconocimiento nacional, que tuvo como sede la 18a Zona Militar. Las vidas de los hidalguenses destacados que nos anteceden, van<\/p>\n","protected":false},"author":2,"featured_media":44719,"comment_status":"open","ping_status":"closed","sticky":false,"template":"","format":"standard","meta":{"footnotes":""},"categories":[10],"tags":[],"class_list":{"0":"post-44718","1":"post","2":"type-post","3":"status-publish","4":"format-standard","5":"has-post-thumbnail","7":"category-hidalgo"},"_links":{"self":[{"href":"https:\/\/elreporterohgo.com\/noticias\/wp-json\/wp\/v2\/posts\/44718","targetHints":{"allow":["GET"]}}],"collection":[{"href":"https:\/\/elreporterohgo.com\/noticias\/wp-json\/wp\/v2\/posts"}],"about":[{"href":"https:\/\/elreporterohgo.com\/noticias\/wp-json\/wp\/v2\/types\/post"}],"author":[{"embeddable":true,"href":"https:\/\/elreporterohgo.com\/noticias\/wp-json\/wp\/v2\/users\/2"}],"replies":[{"embeddable":true,"href":"https:\/\/elreporterohgo.com\/noticias\/wp-json\/wp\/v2\/comments?post=44718"}],"version-history":[{"count":1,"href":"https:\/\/elreporterohgo.com\/noticias\/wp-json\/wp\/v2\/posts\/44718\/revisions"}],"predecessor-version":[{"id":44721,"href":"https:\/\/elreporterohgo.com\/noticias\/wp-json\/wp\/v2\/posts\/44718\/revisions\/44721"}],"wp:featuredmedia":[{"embeddable":true,"href":"https:\/\/elreporterohgo.com\/noticias\/wp-json\/wp\/v2\/media\/44719"}],"wp:attachment":[{"href":"https:\/\/elreporterohgo.com\/noticias\/wp-json\/wp\/v2\/media?parent=44718"}],"wp:term":[{"taxonomy":"category","embeddable":true,"href":"https:\/\/elreporterohgo.com\/noticias\/wp-json\/wp\/v2\/categories?post=44718"},{"taxonomy":"post_tag","embeddable":true,"href":"https:\/\/elreporterohgo.com\/noticias\/wp-json\/wp\/v2\/tags?post=44718"}],"curies":[{"name":"wp","href":"https:\/\/api.w.org\/{rel}","templated":true}]}}