{"id":44708,"date":"2021-11-28T23:03:21","date_gmt":"2021-11-29T05:03:21","guid":{"rendered":"https:\/\/elreporterohgo.com\/noticias\/?p=44708"},"modified":"2021-11-28T23:03:22","modified_gmt":"2021-11-29T05:03:22","slug":"pacto-de-unidad-lealtad-e-institucionalidad-hacia-el-pri-omar-fayad","status":"publish","type":"post","link":"https:\/\/elreporterohgo.com\/noticias\/2021\/11\/28\/pacto-de-unidad-lealtad-e-institucionalidad-hacia-el-pri-omar-fayad\/","title":{"rendered":"Pacto de unidad, lealtad e institucionalidad hacia el PRI: Omar Fayad"},"content":{"rendered":"\n<p><em>.<\/em><\/p>\n\n\n\n<figure class=\"wp-block-image\"><img fetchpriority=\"high\" decoding=\"async\" width=\"1024\" height=\"683\" src=\"https::\/\/elreporterohgo.com\/noticias\/wp-content\/uploads\/2021\/11\/Foto-4-29-1024x683.jpg\" alt=\"\" class=\"wp-image-44709\" srcset=\"https:\/\/elreporterohgo.com\/noticias\/wp-content\/uploads\/2021\/11\/Foto-4-29-1024x683.jpg 1024w, https:\/\/elreporterohgo.com\/noticias\/wp-content\/uploads\/2021\/11\/Foto-4-29-300x200.jpg 300w, https:\/\/elreporterohgo.com\/noticias\/wp-content\/uploads\/2021\/11\/Foto-4-29-768x512.jpg 768w\" sizes=\"(max-width: 1024px) 100vw, 1024px\" \/><\/figure>\n\n\n\n<figure class=\"wp-block-image\"><img decoding=\"async\" width=\"1024\" height=\"683\" src=\"https::\/\/elreporterohgo.com\/noticias\/wp-content\/uploads\/2021\/11\/Foto-8-2-1024x683.jpg\" alt=\"\" class=\"wp-image-44710\" srcset=\"https:\/\/elreporterohgo.com\/noticias\/wp-content\/uploads\/2021\/11\/Foto-8-2-1024x683.jpg 1024w, https:\/\/elreporterohgo.com\/noticias\/wp-content\/uploads\/2021\/11\/Foto-8-2-300x200.jpg 300w, https:\/\/elreporterohgo.com\/noticias\/wp-content\/uploads\/2021\/11\/Foto-8-2-768x512.jpg 768w\" sizes=\"(max-width: 1024px) 100vw, 1024px\" \/><\/figure>\n\n\n\n<p>Pachuca, Hgo.- \u201cVamos a celebrar un pacto de unidad, lealtad e institucionalidad a nuestro partido, porque estamos unidos para la batalla electoral que viene\u201d, as\u00ed se pronunci\u00f3 el primer priista en la entidad Omar Fayad Meneses durante la toma de protesta de la nueva dirigencia del Partido Revolucionario Institucional (PRI) en Hidalgo, la cual encabeza Julio Valera Piedras como presidente y Victoria Eugenia M\u00e9ndez M\u00e1rquez como secretaria general. <\/p>\n\n\n\n<p>Ante las y los 466 consejeros\npol\u00edticos y Alejandro Moreno dirigente nacional del PRI, Omar Fayad, solicit\u00f3 y\nremarc\u00f3 a quienes aspiran a la candidatura a la gubernatura del estado,\ntrabajar y realizar un acto de lealtad, disciplina e institucionalidad hacia el\npriismo.<\/p>\n\n\n\n<p>\u201cLa unidad no se va a construir en\nlas c\u00fapulas, no se dicta desde la decisi\u00f3n del primer priista, ni desde el\nComit\u00e9 Nacional ni del Comit\u00e9 Estatal, la unidad se construye en nuestras\nestructuras, se construye desde la inclusi\u00f3n, con di\u00e1logo, \u00e1nimo, pasi\u00f3n y con\nel deseo de que a nuestro partido le vaya bien\u201d.<\/p>\n\n\n\n<p>Al realizar un llamado a construir\nla unidad desde la militancia, los seccionales y los Comit\u00e9s Municipales, el\nprimer priista dijo que los procesos de selecci\u00f3n de candidaturas generan enjundia\ny pasi\u00f3n, lo cual no se debe permitir, pues se necesita orientaci\u00f3n,\nconducci\u00f3n, di\u00e1logo y compromiso.<\/p>\n\n\n\n<p>\u201cEn el PRI caben todos, todos tienen\ncabida, posibilidades. Todos tienen los requisitos, pues de no ser as\u00ed no\nestar\u00edan en el lugar que ocupan hoy. Sin embargo, solo una persona resultar\u00e1 el\nabanderado, ah\u00ed es donde se demuestra la capacidad de nuestro partido para el\ndi\u00e1logo y la unidad\u201d. <\/p>\n\n\n\n<p>As\u00ed mismo, Omar Fayad refiri\u00f3 el\nproceso que vivi\u00f3 para poder alcanzar la candidatura al gobierno, donde varias\nveces no result\u00f3 ser electo para dicho cargo, sin embargo, indic\u00f3 que esas\nnegativas le sirvieron para demostrar su lealtad, compromiso e\ninstitucionalidad hacia el Partido Revolucionario Institucional, \u201cen la\nadversidad demostr\u00e9 que era de una sola pieza\u201d. <\/p>\n\n\n\n<p>\u201cTodo le debo a mi partido, todo lo\nque soy, todo lo que he logrado pol\u00edticamente se lo debo a este partido, y en\nesa tesitura decid\u00ed sumarme y volver a intentar luchar para tener esta\nposici\u00f3n. Siempre me sum\u00e9 con lealtad y con institucionalidad\u201d. <\/p>\n\n\n\n<p>Al subrayar que el PRI saldr\u00e1\nvictorioso en el siguiente proceso electoral si se encuentra cohesionado y\ncaminando en una misma direcci\u00f3n, el primer priista dijo que en Julio Valera y Victoria\nM\u00e9ndez se encuentra la posibilidad de llevar el llamado de unidad desde las\nbases hasta las dirigencias.<\/p>\n\n\n\n<p>\u201cDentro de nosotros hay voluntad y\ncapacidad para salir adelante y siempre unidos. Somos un partido que no se\ndivide, y nuestro mensaje es claro para la oposici\u00f3n y nuestros enemigos, el\nPRI es uno solo y el PRI va a ir unido en el siguiente proceso\u201d.<\/p>\n\n\n\n<p>Al hacer uso de la voz, Alejandro\nMoreno, se\u00f1al\u00f3 que el PRI de Hidalgo le da fuerza al priismo nacional, pues la\nmilitancia en la entidad es ejemplo de trabajo. Del mismo modo, reconoci\u00f3 que\nOmar Fayad es uno de los mejores activos del Revolucionario Institucional, pues\ncon valent\u00eda, talento, resultados, trabajo y compromiso ha demostrado ser uno\nde los mejores gobernadores del pa\u00eds.<\/p>\n\n\n\n<p>El dirigente nacional se\u00f1al\u00f3 que la\nmilitancia partidista en Hidalgo, en las buenas y en las malas, siempre ha\nacudido al llamado de su partido, \u201chay que decirlo con firmeza y convicci\u00f3n el\npriismo hidalguense es uno de los mejores a nivel nacional, dedicado, leal y\ncomprometido. Aqu\u00ed hay a\u00f1os y a\u00f1os de experiencia pol\u00edtica\u201d.<\/p>\n\n\n\n<p>\u201cEs el momento de demostrar de qu\u00e9\nest\u00e1n hechos los hidalguenses, de qu\u00e9 est\u00e1 hecho el priismo de Hidalgo, porque\nha quedado claro que Morena es una tragedia y una desgracia para M\u00e9xico, no han\nsabido gobernar, no le han cumplido al pueblo y por eso tenemos que impulsar\nlas mejores propuestas y el mejor proyecto en beneficio de nuestra gente\u201d.<\/p>\n\n\n\n<p>En tanto, Julio Valera agradeci\u00f3 a\nOmar Fayad por su ejemplo de buen gobierno, pues sus resultados le dan vigencia\ny garant\u00eda al Revolucionario Institucional. \u201cSus resultados de gobierno, son el\nmayor capital de nuestro instituto pol\u00edtico. Hidalgo es el basti\u00f3n de PRI y con\nsus resultados lo seguiremos siendo\u201d.<\/p>\n\n\n\n<p>El presidente del Comit\u00e9 Directivo\nEstatal extern\u00f3 a las y los priistas que tengan la certeza de que en la\ndirigencia que encabeza, seguir\u00e1n defendiendo el legado del partido tricolor. <\/p>\n\n\n\n<p>Acentu\u00f3 que si el PRI quiere ganar\ndebe de hacerlo unido y que una vez que gobierne, como siempre lo ha hecho,\ndebe de gobernar para todos, \u201cEn el PRI la unidad no se decreta, se construye y\neso solo lo sabemos hacer los priistas\u201d.<\/p>\n\n\n\n<p>Julio Valera subray\u00f3 que desde que\nel PRI naci\u00f3 como partido, quienes laboran al interior de \u00e9l, han sabido\nconsolidar un partido en donde todas y todos tienen espacio, puesto que es un\ninstituto que fomenta y recompensa la unidad y la disciplina. <\/p>\n\n\n\n<p>\u201cSomos un partido de apertura y de\ndi\u00e1logo, que siempre ha sabido encontrar en el disenso el punto medio, y en los\nacuerdos el punto fino para as\u00ed prometer sin enga\u00f1ar y gobernar sin claudicar\u201d.\n<\/p>\n\n\n\n<p>Para finalizar, Julio Valera critic\u00f3\na aquellos gobiernos de oposici\u00f3n que desaprueban al PRI desde la manipulaci\u00f3n\ny la mentira, y que quieren evaluarlo desde la ignorancia y la incapacidad.<\/p>\n\n\n\n<p>\u201cLos vientos soplan a nuestro favor, tenemos un gobierno federal que no cumpli\u00f3, no hay un solo resultado de esos gobiernos estatales que se dicen de la transformaci\u00f3n, que buscan y gobiernan desde la improvisaci\u00f3n y el chantaje\u201d. <\/p>\n\n\n\n<figure class=\"wp-block-image\"><img decoding=\"async\" width=\"1024\" height=\"707\" src=\"https::\/\/elreporterohgo.com\/noticias\/wp-content\/uploads\/2021\/11\/Foto-9-1024x707.jpg\" alt=\"\" class=\"wp-image-44711\" srcset=\"https:\/\/elreporterohgo.com\/noticias\/wp-content\/uploads\/2021\/11\/Foto-9-1024x707.jpg 1024w, https:\/\/elreporterohgo.com\/noticias\/wp-content\/uploads\/2021\/11\/Foto-9-300x207.jpg 300w, https:\/\/elreporterohgo.com\/noticias\/wp-content\/uploads\/2021\/11\/Foto-9-768x530.jpg 768w\" sizes=\"(max-width: 1024px) 100vw, 1024px\" \/><\/figure>\n","protected":false},"excerpt":{"rendered":"<p>. Pachuca, Hgo.- \u201cVamos a celebrar un pacto de unidad, lealtad e institucionalidad a nuestro partido, porque estamos unidos para la batalla electoral que viene\u201d, as\u00ed se pronunci\u00f3 el primer priista en la entidad Omar Fayad Meneses durante la toma de protesta de la nueva dirigencia del Partido Revolucionario Institucional (PRI) en Hidalgo, la cual<\/p>\n","protected":false},"author":2,"featured_media":44710,"comment_status":"open","ping_status":"closed","sticky":false,"template":"","format":"standard","meta":{"footnotes":""},"categories":[10],"tags":[],"class_list":{"0":"post-44708","1":"post","2":"type-post","3":"status-publish","4":"format-standard","5":"has-post-thumbnail","7":"category-hidalgo"},"_links":{"self":[{"href":"https:\/\/elreporterohgo.com\/noticias\/wp-json\/wp\/v2\/posts\/44708","targetHints":{"allow":["GET"]}}],"collection":[{"href":"https:\/\/elreporterohgo.com\/noticias\/wp-json\/wp\/v2\/posts"}],"about":[{"href":"https:\/\/elreporterohgo.com\/noticias\/wp-json\/wp\/v2\/types\/post"}],"author":[{"embeddable":true,"href":"https:\/\/elreporterohgo.com\/noticias\/wp-json\/wp\/v2\/users\/2"}],"replies":[{"embeddable":true,"href":"https:\/\/elreporterohgo.com\/noticias\/wp-json\/wp\/v2\/comments?post=44708"}],"version-history":[{"count":1,"href":"https:\/\/elreporterohgo.com\/noticias\/wp-json\/wp\/v2\/posts\/44708\/revisions"}],"predecessor-version":[{"id":44712,"href":"https:\/\/elreporterohgo.com\/noticias\/wp-json\/wp\/v2\/posts\/44708\/revisions\/44712"}],"wp:featuredmedia":[{"embeddable":true,"href":"https:\/\/elreporterohgo.com\/noticias\/wp-json\/wp\/v2\/media\/44710"}],"wp:attachment":[{"href":"https:\/\/elreporterohgo.com\/noticias\/wp-json\/wp\/v2\/media?parent=44708"}],"wp:term":[{"taxonomy":"category","embeddable":true,"href":"https:\/\/elreporterohgo.com\/noticias\/wp-json\/wp\/v2\/categories?post=44708"},{"taxonomy":"post_tag","embeddable":true,"href":"https:\/\/elreporterohgo.com\/noticias\/wp-json\/wp\/v2\/tags?post=44708"}],"curies":[{"name":"wp","href":"https:\/\/api.w.org\/{rel}","templated":true}]}}