{"id":44705,"date":"2021-11-27T17:20:46","date_gmt":"2021-11-27T23:20:46","guid":{"rendered":"https:\/\/elreporterohgo.com\/noticias\/?p=44705"},"modified":"2021-11-27T17:20:47","modified_gmt":"2021-11-27T23:20:47","slug":"vincularon-a-proceso-al-presunto-homicida-de-valle-de-guadalupe","status":"publish","type":"post","link":"https:\/\/elreporterohgo.com\/noticias\/2021\/11\/27\/vincularon-a-proceso-al-presunto-homicida-de-valle-de-guadalupe\/","title":{"rendered":"Vincularon a proceso al presunto homicida de Valle de Guadalupe"},"content":{"rendered":"\n<figure class=\"wp-block-image\"><img fetchpriority=\"high\" decoding=\"async\" width=\"1024\" height=\"483\" src=\"https::\/\/elreporterohgo.com\/noticias\/wp-content\/uploads\/2021\/11\/many-2-1024x483.jpg\" alt=\"\" class=\"wp-image-44706\" srcset=\"https:\/\/elreporterohgo.com\/noticias\/wp-content\/uploads\/2021\/11\/many-2-1024x483.jpg 1024w, https:\/\/elreporterohgo.com\/noticias\/wp-content\/uploads\/2021\/11\/many-2-300x141.jpg 300w, https:\/\/elreporterohgo.com\/noticias\/wp-content\/uploads\/2021\/11\/many-2-768x362.jpg 768w, https:\/\/elreporterohgo.com\/noticias\/wp-content\/uploads\/2021\/11\/many-2-520x245.jpg 520w, https:\/\/elreporterohgo.com\/noticias\/wp-content\/uploads\/2021\/11\/many-2-720x340.jpg 720w, https:\/\/elreporterohgo.com\/noticias\/wp-content\/uploads\/2021\/11\/many-2.jpg 1516w\" sizes=\"(max-width: 1024px) 100vw, 1024px\" \/><figcaption>Vincularon a proceso al presunto homicida.<\/figcaption><\/figure>\n\n\n\n<p>Manifestaci\u00f3n en Apan para exigir justicia para la ni\u00f1a de dos a\u00f1os <\/p>\n\n\n\n<p>TEPEAPULCO, Hgo.- Por\nviolencia familiar equiparada, violaci\u00f3n equiparada agravada y feminicidio en\nagravio de una persona menor de edad, la Procuradur\u00eda General de Justicia del Estado\nde Hidalgo (PGJEH) obtuvo la vinculaci\u00f3n a proceso para una persona\nidentificada como David \u201cN\u201d.<\/p>\n\n\n\n<p>Los hechos que fueron materia\nde la imputaci\u00f3n ocurrieron el 19 de noviembre, fecha en la que el Ministerio\nP\u00fablico recibi\u00f3 notificaci\u00f3n sobre el ingreso a la cl\u00ednica 8 del IMSS de Ciudad\nSahag\u00fan, en Tepeapulco, de una persona menor de edad con traumatismo\ncraneoencef\u00e1lico y paro cardiorrespiratorio, quien debido a la gravedad de su\nestado de salud, posteriormente fue trasladada al Hospital General de Pachuca.<\/p>\n\n\n\n<p>En raz\u00f3n de lo anterior, el 20\nde noviembre, derivado de la facultad de atracci\u00f3n de la Subprocuradur\u00eda de\ndelitos de g\u00e9nero, desaparici\u00f3n de personas e impacto social, se dio la\nintervenci\u00f3n de la Fiscal\u00eda de g\u00e9nero y trata de personas.<\/p>\n\n\n\n<p>De los avances de la\ninvestigaci\u00f3n inicial, se estableci\u00f3 la probable responsabilidad de David \u201cN\u201d,\npersona con la que viv\u00eda la v\u00edctima. Con base en ello, el 21 de noviembre se\nsolicit\u00f3 orden de aprehensi\u00f3n en su contra y una vez cumplida, el 22 de\nnoviembre se le formul\u00f3 imputaci\u00f3n ante una jueza del distrito judicial de\nApan. <\/p>\n\n\n\n<p>El imputado se acogi\u00f3 a la\nduplicidad del plazo constitucional de 144 horas, y se le impuso la medida\ncautelar de prisi\u00f3n preventiva oficiosa.<\/p>\n\n\n\n<p>Sin embargo, el pasado martes, esta representaci\u00f3n social recibi\u00f3 notificaci\u00f3n respecto del fallecimiento de la v\u00edctima, por parte de personal del Hospital General de Pachuca, motivo por el que se orden\u00f3 la aplicaci\u00f3n del protocolo de feminicidio.<\/p>\n\n\n\n<p>MANIFESTACI\u00d3N<\/p>\n\n\n\n<p>Mientras se realizaba la audiencia, la tarde de ayer, un grupo de personas, en su mayor\u00eda mujeres, se manifestaron frente al juzgado penal de Apan para exigir justicia para la ni\u00f1a muerta.<\/p>\n","protected":false},"excerpt":{"rendered":"<p>Manifestaci\u00f3n en Apan para exigir justicia para la ni\u00f1a de dos a\u00f1os TEPEAPULCO, Hgo.- Por violencia familiar equiparada, violaci\u00f3n equiparada agravada y feminicidio en agravio de una persona menor de edad, la Procuradur\u00eda General de Justicia del Estado de Hidalgo (PGJEH) obtuvo la vinculaci\u00f3n a proceso para una persona identificada como David \u201cN\u201d. Los hechos<\/p>\n","protected":false},"author":2,"featured_media":44706,"comment_status":"open","ping_status":"closed","sticky":false,"template":"","format":"standard","meta":{"footnotes":""},"categories":[10],"tags":[],"class_list":{"0":"post-44705","1":"post","2":"type-post","3":"status-publish","4":"format-standard","5":"has-post-thumbnail","7":"category-hidalgo"},"_links":{"self":[{"href":"https:\/\/elreporterohgo.com\/noticias\/wp-json\/wp\/v2\/posts\/44705","targetHints":{"allow":["GET"]}}],"collection":[{"href":"https:\/\/elreporterohgo.com\/noticias\/wp-json\/wp\/v2\/posts"}],"about":[{"href":"https:\/\/elreporterohgo.com\/noticias\/wp-json\/wp\/v2\/types\/post"}],"author":[{"embeddable":true,"href":"https:\/\/elreporterohgo.com\/noticias\/wp-json\/wp\/v2\/users\/2"}],"replies":[{"embeddable":true,"href":"https:\/\/elreporterohgo.com\/noticias\/wp-json\/wp\/v2\/comments?post=44705"}],"version-history":[{"count":1,"href":"https:\/\/elreporterohgo.com\/noticias\/wp-json\/wp\/v2\/posts\/44705\/revisions"}],"predecessor-version":[{"id":44707,"href":"https:\/\/elreporterohgo.com\/noticias\/wp-json\/wp\/v2\/posts\/44705\/revisions\/44707"}],"wp:featuredmedia":[{"embeddable":true,"href":"https:\/\/elreporterohgo.com\/noticias\/wp-json\/wp\/v2\/media\/44706"}],"wp:attachment":[{"href":"https:\/\/elreporterohgo.com\/noticias\/wp-json\/wp\/v2\/media?parent=44705"}],"wp:term":[{"taxonomy":"category","embeddable":true,"href":"https:\/\/elreporterohgo.com\/noticias\/wp-json\/wp\/v2\/categories?post=44705"},{"taxonomy":"post_tag","embeddable":true,"href":"https:\/\/elreporterohgo.com\/noticias\/wp-json\/wp\/v2\/tags?post=44705"}],"curies":[{"name":"wp","href":"https:\/\/api.w.org\/{rel}","templated":true}]}}