{"id":44701,"date":"2021-11-27T08:27:07","date_gmt":"2021-11-27T14:27:07","guid":{"rendered":"https:\/\/elreporterohgo.com\/noticias\/?p=44701"},"modified":"2021-11-27T08:27:08","modified_gmt":"2021-11-27T14:27:08","slug":"juan-cristobal-orozco-de-regreso-a-la-policia-de-investigacion","status":"publish","type":"post","link":"https:\/\/elreporterohgo.com\/noticias\/2021\/11\/27\/juan-cristobal-orozco-de-regreso-a-la-policia-de-investigacion\/","title":{"rendered":"Juan Crist\u00f3bal Orozco de regreso a la Polic\u00eda de Investigaci\u00f3n"},"content":{"rendered":"\n<figure class=\"wp-block-image\"><img fetchpriority=\"high\" decoding=\"async\" width=\"535\" height=\"699\" src=\"https::\/\/elreporterohgo.com\/noticias\/wp-content\/uploads\/2021\/11\/a5fafce3-4341-44bc-8147-a0fe4aa0aa6d-2.jpg\" alt=\"\" class=\"wp-image-44702\" srcset=\"https:\/\/elreporterohgo.com\/noticias\/wp-content\/uploads\/2021\/11\/a5fafce3-4341-44bc-8147-a0fe4aa0aa6d-2.jpg 535w, https:\/\/elreporterohgo.com\/noticias\/wp-content\/uploads\/2021\/11\/a5fafce3-4341-44bc-8147-a0fe4aa0aa6d-2-230x300.jpg 230w\" sizes=\"(max-width: 535px) 100vw, 535px\" \/><\/figure>\n\n\n\n<p>Asignado a\nla Coordinaci\u00f3n de Desaparici\u00f3n de Personas<\/p>\n\n\n\n<p>Por Juan\nSabino Cruz<\/p>\n\n\n\n<p>PACHUCA, Hgo.-\nEl comandante Juan Crist\u00f3bal Orozco Priego, con amplia trayectoria en la\nPolic\u00eda Judicial que cambio a Ministerial y ahora Investigaci\u00f3n, regres\u00f3 a\nprestar sus servicios en la Procuradur\u00eda General de Justicia de Hidalgo.<\/p>\n\n\n\n<p>Juan Crist\u00f3bal,\nmejor conocido por sus amigos como \u201cTibur\u00f3n\u201d o \u201cEscualo\u201d, sali\u00f3 de la\ncorporaci\u00f3n hace algunos a\u00f1os y colabor\u00f3 en el Gobierno Federal con Miguel \u00c1ngel\nOsorio Chong.<\/p>\n\n\n\n<p>Hace aproximadamente\nquince d\u00edas, m\u00e1s preparados y con mayor experiencia ha regresado para participar\nen la Coordinaci\u00f3n de Desaparici\u00f3n de Personas y de G\u00e9nero.<\/p>\n\n\n\n<p>Sin duda, su experiencia y capacidad ser\u00e1 fundamental para resolver muchos casos en el \u00e1rea que fue asignado.<\/p>\n\n\n\n<figure class=\"wp-block-image\"><img decoding=\"async\" width=\"526\" height=\"526\" src=\"https::\/\/elreporterohgo.com\/noticias\/wp-content\/uploads\/2021\/11\/260333376_298706918820136_2481009559405711922_n-1.jpg\" alt=\"\" class=\"wp-image-44703\" srcset=\"https:\/\/elreporterohgo.com\/noticias\/wp-content\/uploads\/2021\/11\/260333376_298706918820136_2481009559405711922_n-1.jpg 526w, https:\/\/elreporterohgo.com\/noticias\/wp-content\/uploads\/2021\/11\/260333376_298706918820136_2481009559405711922_n-1-150x150.jpg 150w, https:\/\/elreporterohgo.com\/noticias\/wp-content\/uploads\/2021\/11\/260333376_298706918820136_2481009559405711922_n-1-300x300.jpg 300w, https:\/\/elreporterohgo.com\/noticias\/wp-content\/uploads\/2021\/11\/260333376_298706918820136_2481009559405711922_n-1-160x160.jpg 160w\" sizes=\"(max-width: 526px) 100vw, 526px\" \/><\/figure>\n","protected":false},"excerpt":{"rendered":"<p>Asignado a la Coordinaci\u00f3n de Desaparici\u00f3n de Personas Por Juan Sabino Cruz PACHUCA, Hgo.- El comandante Juan Crist\u00f3bal Orozco Priego, con amplia trayectoria en la Polic\u00eda Judicial que cambio a Ministerial y ahora Investigaci\u00f3n, regres\u00f3 a prestar sus servicios en la Procuradur\u00eda General de Justicia de Hidalgo. Juan Crist\u00f3bal, mejor conocido por sus amigos como<\/p>\n","protected":false},"author":2,"featured_media":44702,"comment_status":"open","ping_status":"closed","sticky":false,"template":"","format":"standard","meta":{"footnotes":""},"categories":[10],"tags":[],"class_list":{"0":"post-44701","1":"post","2":"type-post","3":"status-publish","4":"format-standard","5":"has-post-thumbnail","7":"category-hidalgo"},"_links":{"self":[{"href":"https:\/\/elreporterohgo.com\/noticias\/wp-json\/wp\/v2\/posts\/44701","targetHints":{"allow":["GET"]}}],"collection":[{"href":"https:\/\/elreporterohgo.com\/noticias\/wp-json\/wp\/v2\/posts"}],"about":[{"href":"https:\/\/elreporterohgo.com\/noticias\/wp-json\/wp\/v2\/types\/post"}],"author":[{"embeddable":true,"href":"https:\/\/elreporterohgo.com\/noticias\/wp-json\/wp\/v2\/users\/2"}],"replies":[{"embeddable":true,"href":"https:\/\/elreporterohgo.com\/noticias\/wp-json\/wp\/v2\/comments?post=44701"}],"version-history":[{"count":1,"href":"https:\/\/elreporterohgo.com\/noticias\/wp-json\/wp\/v2\/posts\/44701\/revisions"}],"predecessor-version":[{"id":44704,"href":"https:\/\/elreporterohgo.com\/noticias\/wp-json\/wp\/v2\/posts\/44701\/revisions\/44704"}],"wp:featuredmedia":[{"embeddable":true,"href":"https:\/\/elreporterohgo.com\/noticias\/wp-json\/wp\/v2\/media\/44702"}],"wp:attachment":[{"href":"https:\/\/elreporterohgo.com\/noticias\/wp-json\/wp\/v2\/media?parent=44701"}],"wp:term":[{"taxonomy":"category","embeddable":true,"href":"https:\/\/elreporterohgo.com\/noticias\/wp-json\/wp\/v2\/categories?post=44701"},{"taxonomy":"post_tag","embeddable":true,"href":"https:\/\/elreporterohgo.com\/noticias\/wp-json\/wp\/v2\/tags?post=44701"}],"curies":[{"name":"wp","href":"https:\/\/api.w.org\/{rel}","templated":true}]}}