{"id":44696,"date":"2021-11-27T08:08:10","date_gmt":"2021-11-27T14:08:10","guid":{"rendered":"https:\/\/elreporterohgo.com\/noticias\/?p=44696"},"modified":"2021-11-27T08:08:11","modified_gmt":"2021-11-27T14:08:11","slug":"invitan-a-actualizar-placas-de-automovil-o-tramitar-su-ine","status":"publish","type":"post","link":"https:\/\/elreporterohgo.com\/noticias\/2021\/11\/27\/invitan-a-actualizar-placas-de-automovil-o-tramitar-su-ine\/","title":{"rendered":"Invitan a actualizar placas de autom\u00f3vil o tramitar su INE"},"content":{"rendered":"\n<figure class=\"wp-block-image\"><img fetchpriority=\"high\" decoding=\"async\" width=\"1024\" height=\"576\" src=\"https::\/\/elreporterohgo.com\/noticias\/wp-content\/uploads\/2021\/11\/df258118-fa88-40a5-9eeb-9b035f9e3d30-1024x576.jpg\" alt=\"\" class=\"wp-image-44699\" srcset=\"https:\/\/elreporterohgo.com\/noticias\/wp-content\/uploads\/2021\/11\/df258118-fa88-40a5-9eeb-9b035f9e3d30-1024x576.jpg 1024w, https:\/\/elreporterohgo.com\/noticias\/wp-content\/uploads\/2021\/11\/df258118-fa88-40a5-9eeb-9b035f9e3d30-300x169.jpg 300w, https:\/\/elreporterohgo.com\/noticias\/wp-content\/uploads\/2021\/11\/df258118-fa88-40a5-9eeb-9b035f9e3d30-768x432.jpg 768w, https:\/\/elreporterohgo.com\/noticias\/wp-content\/uploads\/2021\/11\/df258118-fa88-40a5-9eeb-9b035f9e3d30.jpg 1280w\" sizes=\"(max-width: 1024px) 100vw, 1024px\" \/><\/figure>\n\n\n\n<figure class=\"wp-block-image\"><img decoding=\"async\" width=\"1024\" height=\"576\" src=\"https::\/\/elreporterohgo.com\/noticias\/wp-content\/uploads\/2021\/11\/c2e23b27-9631-45cb-bffc-16bddd9759b1-1024x576.jpg\" alt=\"\" class=\"wp-image-44698\" srcset=\"https:\/\/elreporterohgo.com\/noticias\/wp-content\/uploads\/2021\/11\/c2e23b27-9631-45cb-bffc-16bddd9759b1-1024x576.jpg 1024w, https:\/\/elreporterohgo.com\/noticias\/wp-content\/uploads\/2021\/11\/c2e23b27-9631-45cb-bffc-16bddd9759b1-300x169.jpg 300w, https:\/\/elreporterohgo.com\/noticias\/wp-content\/uploads\/2021\/11\/c2e23b27-9631-45cb-bffc-16bddd9759b1-768x432.jpg 768w, https:\/\/elreporterohgo.com\/noticias\/wp-content\/uploads\/2021\/11\/c2e23b27-9631-45cb-bffc-16bddd9759b1.jpg 1280w\" sizes=\"(max-width: 1024px) 100vw, 1024px\" \/><\/figure>\n\n\n\n<p>Unidades ambulantes\nllegar\u00e1n a la cabecera municipal<\/p>\n\n\n\n<p>Por Gerardo\nSol<\/p>\n\n\n\n<p>ALMOLOYA,\nHGO.- Los vecinos ya no tendr\u00e1n que salir de su municipio para &nbsp;tramitar su INE o actualizar los documentos de\nsu autom\u00f3vil, unidades m\u00f3viles estar\u00e1n frente a PALACIO Municipal.<\/p>\n\n\n\n<p>Blanca Margarita\nRam\u00edrez Ben\u00edtez, Presidenta Municipal de Almoloya, invit\u00f3 a la poblaci\u00f3n en\ngeneral a tramitar su credencial del INE el pr\u00f3ximo 30 de noviembre, en horario\nde 9 a 16 horas.<\/p>\n\n\n\n<p>La alcaldesa\ndijo que una unidad m\u00f3vil atender\u00e1 a la gente frente a la biblioteca, \u00fanicamente\ndar\u00e1n 30 turnos y los interesados deber\u00e1n presentar acta de nacimiento, comprobante\nde domicilio e identificaci\u00f3n con fotograf\u00eda o dos testigos.<\/p>\n\n\n\n<p>MODULO DE\nREFRENTO 2021<\/p>\n\n\n\n<p>Ram\u00edrez Ben\u00edtez\ntambi\u00e9n invito a los vecinos a regularizar la documentaci\u00f3n de sus veh\u00edculos en\nla unidad m\u00f3vil del m\u00f3dulo de refrendo 2021.<\/p>\n\n\n\n<p>Explic\u00f3 que\nen horario de 9 a 16 horas, los d\u00edas 2 y 3 de diciembre, la unidad m\u00f3vil estar\u00e1\nestacionada frente al palacio municipal para que los vecinos puedan hacer pago\nde refrendo y canje de placas, Incorporaci\u00f3n y desincorporaci\u00f3n de veh\u00edculos,\nactualizaci\u00f3n de datos al registro vehiculas estatal y orientaci\u00f3n al contribuyente\nen materia de impuestos estatales y federales.<\/p>\n\n\n\n<p>La alcaldesa\nafirm\u00f3 que los vecinos podr\u00e1n hacer estos tr\u00e1mites sin salir del municipio, por\nlo que los invita a aprovechar la visita de las unidades m\u00f3viles.<\/p>\n","protected":false},"excerpt":{"rendered":"<p>Unidades ambulantes llegar\u00e1n a la cabecera municipal Por Gerardo Sol ALMOLOYA, HGO.- Los vecinos ya no tendr\u00e1n que salir de su municipio para &nbsp;tramitar su INE o actualizar los documentos de su autom\u00f3vil, unidades m\u00f3viles estar\u00e1n frente a PALACIO Municipal. Blanca Margarita Ram\u00edrez Ben\u00edtez, Presidenta Municipal de Almoloya, invit\u00f3 a la poblaci\u00f3n en general a<\/p>\n","protected":false},"author":2,"featured_media":44698,"comment_status":"open","ping_status":"closed","sticky":false,"template":"","format":"standard","meta":{"footnotes":""},"categories":[10],"tags":[],"class_list":{"0":"post-44696","1":"post","2":"type-post","3":"status-publish","4":"format-standard","5":"has-post-thumbnail","7":"category-hidalgo"},"_links":{"self":[{"href":"https:\/\/elreporterohgo.com\/noticias\/wp-json\/wp\/v2\/posts\/44696","targetHints":{"allow":["GET"]}}],"collection":[{"href":"https:\/\/elreporterohgo.com\/noticias\/wp-json\/wp\/v2\/posts"}],"about":[{"href":"https:\/\/elreporterohgo.com\/noticias\/wp-json\/wp\/v2\/types\/post"}],"author":[{"embeddable":true,"href":"https:\/\/elreporterohgo.com\/noticias\/wp-json\/wp\/v2\/users\/2"}],"replies":[{"embeddable":true,"href":"https:\/\/elreporterohgo.com\/noticias\/wp-json\/wp\/v2\/comments?post=44696"}],"version-history":[{"count":1,"href":"https:\/\/elreporterohgo.com\/noticias\/wp-json\/wp\/v2\/posts\/44696\/revisions"}],"predecessor-version":[{"id":44700,"href":"https:\/\/elreporterohgo.com\/noticias\/wp-json\/wp\/v2\/posts\/44696\/revisions\/44700"}],"wp:featuredmedia":[{"embeddable":true,"href":"https:\/\/elreporterohgo.com\/noticias\/wp-json\/wp\/v2\/media\/44698"}],"wp:attachment":[{"href":"https:\/\/elreporterohgo.com\/noticias\/wp-json\/wp\/v2\/media?parent=44696"}],"wp:term":[{"taxonomy":"category","embeddable":true,"href":"https:\/\/elreporterohgo.com\/noticias\/wp-json\/wp\/v2\/categories?post=44696"},{"taxonomy":"post_tag","embeddable":true,"href":"https:\/\/elreporterohgo.com\/noticias\/wp-json\/wp\/v2\/tags?post=44696"}],"curies":[{"name":"wp","href":"https:\/\/api.w.org\/{rel}","templated":true}]}}