{"id":44686,"date":"2021-11-26T22:20:04","date_gmt":"2021-11-27T04:20:04","guid":{"rendered":"https:\/\/elreporterohgo.com\/noticias\/?p=44686"},"modified":"2021-11-26T22:20:05","modified_gmt":"2021-11-27T04:20:05","slug":"dia-internacional-de-la-eliminacion-de-la-violencia-contra-las-ninas-y-las-mujeres","status":"publish","type":"post","link":"https:\/\/elreporterohgo.com\/noticias\/2021\/11\/26\/dia-internacional-de-la-eliminacion-de-la-violencia-contra-las-ninas-y-las-mujeres\/","title":{"rendered":"D\u00eda Internacional de la Eliminaci\u00f3n de la Violencia contra las Ni\u00f1as y las Mujeres"},"content":{"rendered":"\n<figure class=\"wp-block-image\"><img fetchpriority=\"high\" decoding=\"async\" width=\"1024\" height=\"708\" src=\"https::\/\/elreporterohgo.com\/noticias\/wp-content\/uploads\/2021\/11\/Foto-3-27-1024x708.jpg\" alt=\"\" class=\"wp-image-44687\" srcset=\"https:\/\/elreporterohgo.com\/noticias\/wp-content\/uploads\/2021\/11\/Foto-3-27-1024x708.jpg 1024w, https:\/\/elreporterohgo.com\/noticias\/wp-content\/uploads\/2021\/11\/Foto-3-27-300x208.jpg 300w, https:\/\/elreporterohgo.com\/noticias\/wp-content\/uploads\/2021\/11\/Foto-3-27-768x531.jpg 768w\" sizes=\"(max-width: 1024px) 100vw, 1024px\" \/><\/figure>\n\n\n\n<figure class=\"wp-block-image\"><img decoding=\"async\" width=\"1024\" height=\"693\" src=\"https::\/\/elreporterohgo.com\/noticias\/wp-content\/uploads\/2021\/11\/Foto-2-39-1024x693.jpg\" alt=\"\" class=\"wp-image-44688\" srcset=\"https:\/\/elreporterohgo.com\/noticias\/wp-content\/uploads\/2021\/11\/Foto-2-39-1024x693.jpg 1024w, https:\/\/elreporterohgo.com\/noticias\/wp-content\/uploads\/2021\/11\/Foto-2-39-300x203.jpg 300w, https:\/\/elreporterohgo.com\/noticias\/wp-content\/uploads\/2021\/11\/Foto-2-39-768x519.jpg 768w\" sizes=\"(max-width: 1024px) 100vw, 1024px\" \/><\/figure>\n\n\n\n<p>Pachuca,\nHgo.- En el marco del 25 de noviembre, D\u00eda Internacional de la Eliminaci\u00f3n de\nla Violencia contra las Ni\u00f1as y las Mujeres, con el fin de conmemorar,\nconcientizar y erradicar esta problem\u00e1tica a partir de la danza y el arte, el\nPartido Revolucionario Institucional (PRI) en Hidalgo, presidido por Paola\nDom\u00ednguez Olmedo, en coordinaci\u00f3n con la asociaci\u00f3n \u201cLibres Nos Queremos\u201d,\nllevar\u00e1 a cabo 16 d\u00edas de activismo.<\/p>\n\n\n\n<p>En\ncompa\u00f1\u00eda de Yareli Melo Rodr\u00edguez, presidenta del Organismo Nacional de Mujeres\nPriistas en Hidalgo (ONMPRI) y de Daniela P\u00e9rez Mart\u00ednez, titular de la\nDefensor\u00eda Estatal de los Derechos de la Militancia y de la asociaci\u00f3n \u201cLibres\nNos Queremos\u201d; Paola Dom\u00ednguez indic\u00f3 que la violencia de g\u00e9nero es una\nproblem\u00e1tica constante en nuestro pa\u00eds y en el mundo.<\/p>\n\n\n\n<p>En\nese sentido, refiri\u00f3 que se presenta en cualquier \u00e1mbito, ya sea p\u00fablico o\nprivado, pero que est\u00e1 en esas peque\u00f1as y grandes acciones, la oportunidad de\nponerle un alto a la violencia contra las mujeres.<\/p>\n\n\n\n<p>Paola\nDom\u00ednguez acentu\u00f3 que el combate a la violencia contra la mujer es un tema que\ncompete a todas y todos, por lo que manifest\u00f3 que en el Revolucionario\nInstitucional se trabaja para erradicar este problema, puesto que es un partido\nde causas\u201d. <\/p>\n\n\n\n<p>\u201cEl\nPRI ha dado la lucha por nosotras, ha dado la batalla para que nuestros\nderechos se respeten. Tenemos un partido de causas y hoy las causas de las\nmujeres es lo m\u00e1s importante. En el Partido Revolucionario Institucional\nseguiremos trabajando para que los derechos de las ni\u00f1as y las mujeres se sigan\nrespetando\u201d.<\/p>\n\n\n\n<p>Al\nhacer uso de la voz, Daniela P\u00e9rez apunt\u00f3 que los 16 d\u00edas de activismo se\nllevar\u00e1n a cabo como parte de seguir generando conciencia sobre la eliminaci\u00f3n\nde la violencia contra este sector. As\u00ed mismo, resalt\u00f3 la importancia de\nsumarse a este tipo de esfuerzos para generar un cambio verdadero en la\npoblaci\u00f3n.<\/p>\n\n\n\n<p>\u201cPor\nlas que ya no est\u00e1n, tenemos que ser conscientes de que todas las mujeres en\nalg\u00fan momento hemos sido v\u00edctimas de la violencia, de eso se trata este tipo de\nactividades, de concientizarnos y de unirnos para abatir este mal que nos\nafecta a todas\u201d.<\/p>\n\n\n\n<p>Durante\nel acto se present\u00f3 la compa\u00f1\u00eda de danza Extasis a cargo de Beto Archer con la representaci\u00f3n\nde \u201cEllas soy yo\u201d.<\/p>\n","protected":false},"excerpt":{"rendered":"<p>Pachuca, Hgo.- En el marco del 25 de noviembre, D\u00eda Internacional de la Eliminaci\u00f3n de la Violencia contra las Ni\u00f1as y las Mujeres, con el fin de conmemorar, concientizar y erradicar esta problem\u00e1tica a partir de la danza y el arte, el Partido Revolucionario Institucional (PRI) en Hidalgo, presidido por Paola Dom\u00ednguez Olmedo, en coordinaci\u00f3n<\/p>\n","protected":false},"author":2,"featured_media":44688,"comment_status":"open","ping_status":"closed","sticky":false,"template":"","format":"standard","meta":{"footnotes":""},"categories":[10],"tags":[],"class_list":{"0":"post-44686","1":"post","2":"type-post","3":"status-publish","4":"format-standard","5":"has-post-thumbnail","7":"category-hidalgo"},"_links":{"self":[{"href":"https:\/\/elreporterohgo.com\/noticias\/wp-json\/wp\/v2\/posts\/44686","targetHints":{"allow":["GET"]}}],"collection":[{"href":"https:\/\/elreporterohgo.com\/noticias\/wp-json\/wp\/v2\/posts"}],"about":[{"href":"https:\/\/elreporterohgo.com\/noticias\/wp-json\/wp\/v2\/types\/post"}],"author":[{"embeddable":true,"href":"https:\/\/elreporterohgo.com\/noticias\/wp-json\/wp\/v2\/users\/2"}],"replies":[{"embeddable":true,"href":"https:\/\/elreporterohgo.com\/noticias\/wp-json\/wp\/v2\/comments?post=44686"}],"version-history":[{"count":1,"href":"https:\/\/elreporterohgo.com\/noticias\/wp-json\/wp\/v2\/posts\/44686\/revisions"}],"predecessor-version":[{"id":44689,"href":"https:\/\/elreporterohgo.com\/noticias\/wp-json\/wp\/v2\/posts\/44686\/revisions\/44689"}],"wp:featuredmedia":[{"embeddable":true,"href":"https:\/\/elreporterohgo.com\/noticias\/wp-json\/wp\/v2\/media\/44688"}],"wp:attachment":[{"href":"https:\/\/elreporterohgo.com\/noticias\/wp-json\/wp\/v2\/media?parent=44686"}],"wp:term":[{"taxonomy":"category","embeddable":true,"href":"https:\/\/elreporterohgo.com\/noticias\/wp-json\/wp\/v2\/categories?post=44686"},{"taxonomy":"post_tag","embeddable":true,"href":"https:\/\/elreporterohgo.com\/noticias\/wp-json\/wp\/v2\/tags?post=44686"}],"curies":[{"name":"wp","href":"https:\/\/api.w.org\/{rel}","templated":true}]}}