{"id":44655,"date":"2021-11-26T00:16:27","date_gmt":"2021-11-26T06:16:27","guid":{"rendered":"https:\/\/elreporterohgo.com\/noticias\/?p=44655"},"modified":"2021-11-26T00:16:28","modified_gmt":"2021-11-26T06:16:28","slug":"camioneta-robada-puede-estar-en-hidalgo","status":"publish","type":"post","link":"https:\/\/elreporterohgo.com\/noticias\/2021\/11\/26\/camioneta-robada-puede-estar-en-hidalgo\/","title":{"rendered":"Camioneta robada puede estar en Hidalgo"},"content":{"rendered":"\n<figure class=\"wp-block-image\"><img fetchpriority=\"high\" decoding=\"async\" width=\"373\" height=\"280\" src=\"https::\/\/elreporterohgo.com\/noticias\/wp-content\/uploads\/2021\/11\/257777892_570108310759488_7581780164053609605_n.jpg\" alt=\"\" class=\"wp-image-44656\" srcset=\"https:\/\/elreporterohgo.com\/noticias\/wp-content\/uploads\/2021\/11\/257777892_570108310759488_7581780164053609605_n.jpg 373w, https:\/\/elreporterohgo.com\/noticias\/wp-content\/uploads\/2021\/11\/257777892_570108310759488_7581780164053609605_n-300x225.jpg 300w\" sizes=\"(max-width: 373px) 100vw, 373px\" \/><\/figure>\n\n\n\n<figure class=\"wp-block-image\"><img decoding=\"async\" width=\"280\" height=\"582\" src=\"https::\/\/elreporterohgo.com\/noticias\/wp-content\/uploads\/2021\/11\/258061402_273553057924555_1183281035042055441_n.jpg\" alt=\"\" class=\"wp-image-44657\" srcset=\"https:\/\/elreporterohgo.com\/noticias\/wp-content\/uploads\/2021\/11\/258061402_273553057924555_1183281035042055441_n.jpg 280w, https:\/\/elreporterohgo.com\/noticias\/wp-content\/uploads\/2021\/11\/258061402_273553057924555_1183281035042055441_n-144x300.jpg 144w\" sizes=\"(max-width: 280px) 100vw, 280px\" \/><\/figure>\n\n\n\n<p>Apan, Hgo.-Seguidores\nde EL REPORTERO piden apoyo para localizar la camioneta Chevrolet Equinox 2005,\ncolor gris, placas de Guanajuato GVV256D.<\/p>\n\n\n\n<p>La unidad\nfue robada al encontrarse estacionada en el exterior de la tienda Coppel de Celaya,\nestado de Guanajuato.<\/p>\n\n\n\n<p>La afectada\npide reportar a la Polic\u00eda m\u00e1s cercana en caso de encontrar el veh\u00edculo por\ncontar con reporte de robo.<\/p>\n","protected":false},"excerpt":{"rendered":"<p>Apan, Hgo.-Seguidores de EL REPORTERO piden apoyo para localizar la camioneta Chevrolet Equinox 2005, color gris, placas de Guanajuato GVV256D. La unidad fue robada al encontrarse estacionada en el exterior de la tienda Coppel de Celaya, estado de Guanajuato. La afectada pide reportar a la Polic\u00eda m\u00e1s cercana en caso de encontrar el veh\u00edculo por<\/p>\n","protected":false},"author":2,"featured_media":44656,"comment_status":"open","ping_status":"closed","sticky":false,"template":"","format":"standard","meta":{"footnotes":""},"categories":[10],"tags":[],"class_list":{"0":"post-44655","1":"post","2":"type-post","3":"status-publish","4":"format-standard","5":"has-post-thumbnail","7":"category-hidalgo"},"_links":{"self":[{"href":"https:\/\/elreporterohgo.com\/noticias\/wp-json\/wp\/v2\/posts\/44655","targetHints":{"allow":["GET"]}}],"collection":[{"href":"https:\/\/elreporterohgo.com\/noticias\/wp-json\/wp\/v2\/posts"}],"about":[{"href":"https:\/\/elreporterohgo.com\/noticias\/wp-json\/wp\/v2\/types\/post"}],"author":[{"embeddable":true,"href":"https:\/\/elreporterohgo.com\/noticias\/wp-json\/wp\/v2\/users\/2"}],"replies":[{"embeddable":true,"href":"https:\/\/elreporterohgo.com\/noticias\/wp-json\/wp\/v2\/comments?post=44655"}],"version-history":[{"count":1,"href":"https:\/\/elreporterohgo.com\/noticias\/wp-json\/wp\/v2\/posts\/44655\/revisions"}],"predecessor-version":[{"id":44658,"href":"https:\/\/elreporterohgo.com\/noticias\/wp-json\/wp\/v2\/posts\/44655\/revisions\/44658"}],"wp:featuredmedia":[{"embeddable":true,"href":"https:\/\/elreporterohgo.com\/noticias\/wp-json\/wp\/v2\/media\/44656"}],"wp:attachment":[{"href":"https:\/\/elreporterohgo.com\/noticias\/wp-json\/wp\/v2\/media?parent=44655"}],"wp:term":[{"taxonomy":"category","embeddable":true,"href":"https:\/\/elreporterohgo.com\/noticias\/wp-json\/wp\/v2\/categories?post=44655"},{"taxonomy":"post_tag","embeddable":true,"href":"https:\/\/elreporterohgo.com\/noticias\/wp-json\/wp\/v2\/tags?post=44655"}],"curies":[{"name":"wp","href":"https:\/\/api.w.org\/{rel}","templated":true}]}}