{"id":44650,"date":"2021-11-26T00:04:58","date_gmt":"2021-11-26T06:04:58","guid":{"rendered":"https:\/\/elreporterohgo.com\/noticias\/?p=44650"},"modified":"2021-11-26T00:04:59","modified_gmt":"2021-11-26T06:04:59","slug":"un-herido-y-cuantiosos-danos-materiales","status":"publish","type":"post","link":"https:\/\/elreporterohgo.com\/noticias\/2021\/11\/26\/un-herido-y-cuantiosos-danos-materiales\/","title":{"rendered":"Un herido y cuantiosos da\u00f1os materiales"},"content":{"rendered":"\n<figure class=\"wp-block-image\"><img fetchpriority=\"high\" decoding=\"async\" width=\"280\" height=\"187\" src=\"https::\/\/elreporterohgo.com\/noticias\/wp-content\/uploads\/2021\/11\/258899478_953929825535907_9025249823317060941_n-2.jpg\" alt=\"\" class=\"wp-image-44651\"\/><\/figure>\n\n\n\n<figure class=\"wp-block-image\"><img decoding=\"async\" width=\"280\" height=\"217\" src=\"https::\/\/elreporterohgo.com\/noticias\/wp-content\/uploads\/2021\/11\/258769405_594240741854251_4029207416626322923_n-2.jpg\" alt=\"\" class=\"wp-image-44652\"\/><\/figure>\n\n\n\n<p>Choque bajo un puente<\/p>\n\n\n\n<p>Ciudad Sahag\u00fan, Hgo.- Esta\ntarde se registr\u00f3 brutal choque ente un autom\u00f3vil compacto y un tr\u00e1iler en un\npuente de la avenida Carlos Lazo.<\/p>\n\n\n\n<p>Seguidores de EL REPORTERO\nbuscan a los familiares de Jorge Dur\u00e1n, de 27 a\u00f1os, conductor del autom\u00f3vil.<\/p>\n\n\n\n<p>Los testigos expusieron\nque el joven con su autom\u00f3vil compacto choco contra un tr\u00e1iler, el resulto\nlesionado grave y su autom\u00f3vil destruido.<\/p>\n\n\n\n<p>Se hizo cargo del\naccidente la Guardia Nacional que, al parecer no permiti\u00f3 que se acercaran los\nelementos de la Polic\u00eda Estatal y Municipal de Tepeapulco.<\/p>\n\n\n\n<p>Si usted conoce al lesionado, por favor avise a su familia.<\/p>\n\n\n\n<figure class=\"wp-block-image\"><img decoding=\"async\" width=\"279\" height=\"195\" src=\"https::\/\/elreporterohgo.com\/noticias\/wp-content\/uploads\/2021\/11\/258002220_2033987426751866_9055203438363906880_n-2.jpg\" alt=\"\" class=\"wp-image-44653\"\/><\/figure>\n","protected":false},"excerpt":{"rendered":"<p>Choque bajo un puente Ciudad Sahag\u00fan, Hgo.- Esta tarde se registr\u00f3 brutal choque ente un autom\u00f3vil compacto y un tr\u00e1iler en un puente de la avenida Carlos Lazo. Seguidores de EL REPORTERO buscan a los familiares de Jorge Dur\u00e1n, de 27 a\u00f1os, conductor del autom\u00f3vil. Los testigos expusieron que el joven con su autom\u00f3vil compacto<\/p>\n","protected":false},"author":2,"featured_media":44652,"comment_status":"open","ping_status":"closed","sticky":false,"template":"","format":"standard","meta":{"footnotes":""},"categories":[10],"tags":[],"class_list":{"0":"post-44650","1":"post","2":"type-post","3":"status-publish","4":"format-standard","5":"has-post-thumbnail","7":"category-hidalgo"},"_links":{"self":[{"href":"https:\/\/elreporterohgo.com\/noticias\/wp-json\/wp\/v2\/posts\/44650","targetHints":{"allow":["GET"]}}],"collection":[{"href":"https:\/\/elreporterohgo.com\/noticias\/wp-json\/wp\/v2\/posts"}],"about":[{"href":"https:\/\/elreporterohgo.com\/noticias\/wp-json\/wp\/v2\/types\/post"}],"author":[{"embeddable":true,"href":"https:\/\/elreporterohgo.com\/noticias\/wp-json\/wp\/v2\/users\/2"}],"replies":[{"embeddable":true,"href":"https:\/\/elreporterohgo.com\/noticias\/wp-json\/wp\/v2\/comments?post=44650"}],"version-history":[{"count":1,"href":"https:\/\/elreporterohgo.com\/noticias\/wp-json\/wp\/v2\/posts\/44650\/revisions"}],"predecessor-version":[{"id":44654,"href":"https:\/\/elreporterohgo.com\/noticias\/wp-json\/wp\/v2\/posts\/44650\/revisions\/44654"}],"wp:featuredmedia":[{"embeddable":true,"href":"https:\/\/elreporterohgo.com\/noticias\/wp-json\/wp\/v2\/media\/44652"}],"wp:attachment":[{"href":"https:\/\/elreporterohgo.com\/noticias\/wp-json\/wp\/v2\/media?parent=44650"}],"wp:term":[{"taxonomy":"category","embeddable":true,"href":"https:\/\/elreporterohgo.com\/noticias\/wp-json\/wp\/v2\/categories?post=44650"},{"taxonomy":"post_tag","embeddable":true,"href":"https:\/\/elreporterohgo.com\/noticias\/wp-json\/wp\/v2\/tags?post=44650"}],"curies":[{"name":"wp","href":"https:\/\/api.w.org\/{rel}","templated":true}]}}