{"id":44643,"date":"2021-11-25T13:33:07","date_gmt":"2021-11-25T19:33:07","guid":{"rendered":"https:\/\/elreporterohgo.com\/noticias\/?p=44643"},"modified":"2021-11-25T13:33:08","modified_gmt":"2021-11-25T19:33:08","slug":"era-policia-y-se-paso-al-bando-de-ladrones","status":"publish","type":"post","link":"https:\/\/elreporterohgo.com\/noticias\/2021\/11\/25\/era-policia-y-se-paso-al-bando-de-ladrones\/","title":{"rendered":"Era polic\u00eda y se pas\u00f3 al bando de ladrones"},"content":{"rendered":"\n<figure class=\"wp-block-image\"><img fetchpriority=\"high\" decoding=\"async\" width=\"618\" height=\"1024\" src=\"https::\/\/elreporterohgo.com\/noticias\/wp-content\/uploads\/2021\/11\/00jonh-2-618x1024.jpg\" alt=\"\" class=\"wp-image-44644\" srcset=\"https:\/\/elreporterohgo.com\/noticias\/wp-content\/uploads\/2021\/11\/00jonh-2-618x1024.jpg 618w, https:\/\/elreporterohgo.com\/noticias\/wp-content\/uploads\/2021\/11\/00jonh-2-181x300.jpg 181w, https:\/\/elreporterohgo.com\/noticias\/wp-content\/uploads\/2021\/11\/00jonh-2.jpg 625w\" sizes=\"(max-width: 618px) 100vw, 618px\" \/><\/figure>\n\n\n\n<p>Fue puesto\ntras las rejas<\/p>\n\n\n\n<p>APAN, HGO.- Un\nsujeto que hasta hace poco se desempe\u00f1aba como comandante de Seguridad\nMunicipal en Singuilucan, result\u00f3 ser asaltante y por lo menos es se\u00f1alado por\ntres personas.<\/p>\n\n\n\n<p>&nbsp;Se conoci\u00f3 que agentes de la Polic\u00eda de\nInvestigaci\u00f3n (Grupo Apan), aproximadamente a las 10:15 horas del pasado d\u00eda\n22, a unos pasos de sus oficinas, interceptaron y detuvieron al sujeto\nidentificado por sus iniciales como V. C. V.<\/p>\n\n\n\n<p>As\u00ed dieron cumplimiento\na la orden de aprehensi\u00f3n derivada de la causa penal: 346\/2021, por el delito de Asalto Equiparado Agravado cometido en\nagravio de tres personas.<\/p>\n\n\n\n<p>DE POLICIA A\nMALEANTE<\/p>\n\n\n\n<p>Fuentes dignas\nde cr\u00e9dito informaron que el referido sujeto radica en Apan, sin embargo, en la\npasada administraci\u00f3n municipal se desempe\u00f1\u00f3 como comandante de Seguridad\nMunicipal de Singuilucan, inclusive, representaba a ese municipio en reuniones\ninterinstitucionales de la regi\u00f3n.<\/p>\n\n\n\n<p>Dicho\npersonaje aparte del asalto a una empresa de agro equipos, tambi\u00e9n le atribuyen\nfraudes con \u00abcheques sin fondos\u201d, este \u00faltimo delito muy com\u00fan por una\nbanda de gente de Apan.<\/p>\n\n\n\n<p>Por ahora ya\nretiraron de las calles a un polic\u00eda delincuente que operaba en su propio lugar\nde residencia. <\/p>\n","protected":false},"excerpt":{"rendered":"<p>Fue puesto tras las rejas APAN, HGO.- Un sujeto que hasta hace poco se desempe\u00f1aba como comandante de Seguridad Municipal en Singuilucan, result\u00f3 ser asaltante y por lo menos es se\u00f1alado por tres personas. &nbsp;Se conoci\u00f3 que agentes de la Polic\u00eda de Investigaci\u00f3n (Grupo Apan), aproximadamente a las 10:15 horas del pasado d\u00eda 22, a<\/p>\n","protected":false},"author":2,"featured_media":44644,"comment_status":"open","ping_status":"closed","sticky":false,"template":"","format":"standard","meta":{"footnotes":""},"categories":[10],"tags":[],"class_list":{"0":"post-44643","1":"post","2":"type-post","3":"status-publish","4":"format-standard","5":"has-post-thumbnail","7":"category-hidalgo"},"_links":{"self":[{"href":"https:\/\/elreporterohgo.com\/noticias\/wp-json\/wp\/v2\/posts\/44643","targetHints":{"allow":["GET"]}}],"collection":[{"href":"https:\/\/elreporterohgo.com\/noticias\/wp-json\/wp\/v2\/posts"}],"about":[{"href":"https:\/\/elreporterohgo.com\/noticias\/wp-json\/wp\/v2\/types\/post"}],"author":[{"embeddable":true,"href":"https:\/\/elreporterohgo.com\/noticias\/wp-json\/wp\/v2\/users\/2"}],"replies":[{"embeddable":true,"href":"https:\/\/elreporterohgo.com\/noticias\/wp-json\/wp\/v2\/comments?post=44643"}],"version-history":[{"count":1,"href":"https:\/\/elreporterohgo.com\/noticias\/wp-json\/wp\/v2\/posts\/44643\/revisions"}],"predecessor-version":[{"id":44645,"href":"https:\/\/elreporterohgo.com\/noticias\/wp-json\/wp\/v2\/posts\/44643\/revisions\/44645"}],"wp:featuredmedia":[{"embeddable":true,"href":"https:\/\/elreporterohgo.com\/noticias\/wp-json\/wp\/v2\/media\/44644"}],"wp:attachment":[{"href":"https:\/\/elreporterohgo.com\/noticias\/wp-json\/wp\/v2\/media?parent=44643"}],"wp:term":[{"taxonomy":"category","embeddable":true,"href":"https:\/\/elreporterohgo.com\/noticias\/wp-json\/wp\/v2\/categories?post=44643"},{"taxonomy":"post_tag","embeddable":true,"href":"https:\/\/elreporterohgo.com\/noticias\/wp-json\/wp\/v2\/tags?post=44643"}],"curies":[{"name":"wp","href":"https:\/\/api.w.org\/{rel}","templated":true}]}}