{"id":44545,"date":"2021-11-19T21:36:00","date_gmt":"2021-11-20T03:36:00","guid":{"rendered":"https:\/\/elreporterohgo.com\/noticias\/?p=44545"},"modified":"2021-11-19T21:40:10","modified_gmt":"2021-11-20T03:40:10","slug":"tizayuca-se-convertira-en-lugar-de-ensueno-para-la-comunidad-literaria","status":"publish","type":"post","link":"https:\/\/elreporterohgo.com\/noticias\/2021\/11\/19\/tizayuca-se-convertira-en-lugar-de-ensueno-para-la-comunidad-literaria\/","title":{"rendered":"Tizayuca se convertir\u00e1 en lugar de ensue\u00f1o para la comunidad literaria"},"content":{"rendered":"\n<figure class=\"wp-block-image\"><img fetchpriority=\"high\" decoding=\"async\" width=\"1024\" height=\"682\" src=\"https::\/\/elreporterohgo.com\/noticias\/wp-content\/uploads\/2021\/11\/5c7e1ef8-eb13-45af-9673-1ecfb802b0c3-1024x682.jpg\" alt=\"\" class=\"wp-image-44548\" srcset=\"https:\/\/elreporterohgo.com\/noticias\/wp-content\/uploads\/2021\/11\/5c7e1ef8-eb13-45af-9673-1ecfb802b0c3-1024x682.jpg 1024w, https:\/\/elreporterohgo.com\/noticias\/wp-content\/uploads\/2021\/11\/5c7e1ef8-eb13-45af-9673-1ecfb802b0c3-300x200.jpg 300w, https:\/\/elreporterohgo.com\/noticias\/wp-content\/uploads\/2021\/11\/5c7e1ef8-eb13-45af-9673-1ecfb802b0c3-768x512.jpg 768w, https:\/\/elreporterohgo.com\/noticias\/wp-content\/uploads\/2021\/11\/5c7e1ef8-eb13-45af-9673-1ecfb802b0c3.jpg 1280w\" sizes=\"(max-width: 1024px) 100vw, 1024px\" \/><\/figure>\n\n\n\n<figure class=\"wp-block-image\"><img decoding=\"async\" width=\"1024\" height=\"682\" src=\"https::\/\/elreporterohgo.com\/noticias\/wp-content\/uploads\/2021\/11\/56c3480b-6003-4f27-bc59-6cad6a3cb279-1024x682.jpg\" alt=\"\" class=\"wp-image-44546\" srcset=\"https:\/\/elreporterohgo.com\/noticias\/wp-content\/uploads\/2021\/11\/56c3480b-6003-4f27-bc59-6cad6a3cb279-1024x682.jpg 1024w, https:\/\/elreporterohgo.com\/noticias\/wp-content\/uploads\/2021\/11\/56c3480b-6003-4f27-bc59-6cad6a3cb279-300x200.jpg 300w, https:\/\/elreporterohgo.com\/noticias\/wp-content\/uploads\/2021\/11\/56c3480b-6003-4f27-bc59-6cad6a3cb279-768x512.jpg 768w, https:\/\/elreporterohgo.com\/noticias\/wp-content\/uploads\/2021\/11\/56c3480b-6003-4f27-bc59-6cad6a3cb279.jpg 1280w\" sizes=\"(max-width: 1024px) 100vw, 1024px\" \/><\/figure>\n\n\n\n<p>Afirm\u00f3 la alcaldesa Susana \u00c1ngeles<\/p>\n\n\n\n<p>Tizayuca, Hgo.- \u201cLa cultura nos hace mucho bien en\nel municipio\u201d, asegur\u00f3 la presidenta municipal, Susana \u00c1ngeles Quezada, durante\nla ceremonia de clausura del XI Festival Internacional de Poes\u00eda, Ignacio\nRodr\u00edguez Galv\u00e1n.<\/p>\n\n\n\n<p>Tras\nhacer un reconocimiento al escritor y promotor cultural, Jorge Contreras\nHerrera, por la realizaci\u00f3n del evento y conjuntar a poetas de las diversas\npartes del mundo, \u00c1ngeles Quezada adelant\u00f3 que este festival ser\u00e1 piedra\nangular en las pol\u00edticas p\u00fablicas en materia de cultura de su administraci\u00f3n. <\/p>\n\n\n\n<p>El\nobjetivo, dijo, es que, a nivel nacional e internacional, \u201cTizayuca se\nconvertir\u00e1 en un lugar de ensue\u00f1o y deseado para la comunidad literaria\u201d.<\/p>\n\n\n\n<p>Luego\nde entregar la Presea al M\u00e9rito Cultural y Literario Ignacio Rodr\u00edguez Galv\u00e1n\nal agregado cultural de la embajada de Cuba en M\u00e9xico y poeta, Waldo Leyva, la\npresidenta municipal destac\u00f3 los lazos de amistad entre nuestro pa\u00eds y la\nnaci\u00f3n caribe\u00f1a, que sell\u00f3 con un muy sentido \u201c\u00a1Viva Cuba!\u201d.<\/p>\n\n\n\n<p>El\ngalardonado hizo un breve recorrido hist\u00f3rico de las relaciones po\u00e9ticas entre\nambos pa\u00edses y destac\u00f3 la presencia en M\u00e9xico del llamado Ap\u00f3stol de la\nindependencia de Cuba, h\u00e9roe nacional, revolucionario, ide\u00f3logo y escritor,\nJos\u00e9 Mart\u00ed y de la aportaci\u00f3n po\u00e9tica del tizayuquense Ignacio Rodr\u00edguez Galv\u00e1n\na las letras de Am\u00e9rica Latina. <\/p>\n\n\n\n<p>En\nsu oportunidad Contreras Herrera inform\u00f3 del proyecto de donar un busto del\npoeta hidalguense a la ciudad de la Habana, donde falleci\u00f3 de malaria a los 26\na\u00f1os edad el 25 de julio de 1842.<\/p>\n\n\n\n<p>Previo\na la clausura de este evento, Susana \u00c1ngeles Quezada encabez\u00f3 los trabajos de\nla jornada de prevenci\u00f3n del suicidio, situaci\u00f3n que en municipio presenta la\ntasa m\u00e1s lata en el estado de Hidalgo.&nbsp; <\/p>\n\n\n\n<p>\u201cDecidimos\niniciar este trabajo en esta comunidad \u2013 fraccionamiento Rancho Don Antonio- porque\nes donde se han presentado 4 casos, son muchos, considerando que representa la\ntercera parte a nivel municipal\u201d, subray\u00f3 la presidenta municipal.<\/p>\n\n\n\n<p>En\ncampa\u00f1a, dijo, nos comprometimos a tratar la salud mental y comprendemos que\nesta pandemia trajo cuadros de depresi\u00f3n y ansiedad a nuestras ni\u00f1as, ni\u00f1os,\nadolescentes y j\u00f3venes, encontramos que este fen\u00f3meno radica m\u00e1s entre los\nj\u00f3venes de 18 a 30 a\u00f1os, de ah\u00ed la importancia de realizar este tipo de\neventos, darles seguimiento a los casos y evitar que se presenten mas casos. <\/p>\n\n\n\n<p>Juntas\ny juntos, dijo, por \u00faltimo, haremos frente com\u00fan para prevenir el suicidio,\nbajar esa tasa de incidencia e invito a la poblaci\u00f3n en general a poner manos a\nla obra para difundir todas las posibilidades de ayuda.<\/p>\n","protected":false},"excerpt":{"rendered":"<p>Afirm\u00f3 la alcaldesa Susana \u00c1ngeles Tizayuca, Hgo.- \u201cLa cultura nos hace mucho bien en el municipio\u201d, asegur\u00f3 la presidenta municipal, Susana \u00c1ngeles Quezada, durante la ceremonia de clausura del XI Festival Internacional de Poes\u00eda, Ignacio Rodr\u00edguez Galv\u00e1n. Tras hacer un reconocimiento al escritor y promotor cultural, Jorge Contreras Herrera, por la realizaci\u00f3n del evento y<\/p>\n","protected":false},"author":2,"featured_media":44546,"comment_status":"open","ping_status":"closed","sticky":false,"template":"","format":"standard","meta":{"footnotes":""},"categories":[10],"tags":[],"class_list":{"0":"post-44545","1":"post","2":"type-post","3":"status-publish","4":"format-standard","5":"has-post-thumbnail","7":"category-hidalgo"},"_links":{"self":[{"href":"https:\/\/elreporterohgo.com\/noticias\/wp-json\/wp\/v2\/posts\/44545","targetHints":{"allow":["GET"]}}],"collection":[{"href":"https:\/\/elreporterohgo.com\/noticias\/wp-json\/wp\/v2\/posts"}],"about":[{"href":"https:\/\/elreporterohgo.com\/noticias\/wp-json\/wp\/v2\/types\/post"}],"author":[{"embeddable":true,"href":"https:\/\/elreporterohgo.com\/noticias\/wp-json\/wp\/v2\/users\/2"}],"replies":[{"embeddable":true,"href":"https:\/\/elreporterohgo.com\/noticias\/wp-json\/wp\/v2\/comments?post=44545"}],"version-history":[{"count":2,"href":"https:\/\/elreporterohgo.com\/noticias\/wp-json\/wp\/v2\/posts\/44545\/revisions"}],"predecessor-version":[{"id":44549,"href":"https:\/\/elreporterohgo.com\/noticias\/wp-json\/wp\/v2\/posts\/44545\/revisions\/44549"}],"wp:featuredmedia":[{"embeddable":true,"href":"https:\/\/elreporterohgo.com\/noticias\/wp-json\/wp\/v2\/media\/44546"}],"wp:attachment":[{"href":"https:\/\/elreporterohgo.com\/noticias\/wp-json\/wp\/v2\/media?parent=44545"}],"wp:term":[{"taxonomy":"category","embeddable":true,"href":"https:\/\/elreporterohgo.com\/noticias\/wp-json\/wp\/v2\/categories?post=44545"},{"taxonomy":"post_tag","embeddable":true,"href":"https:\/\/elreporterohgo.com\/noticias\/wp-json\/wp\/v2\/tags?post=44545"}],"curies":[{"name":"wp","href":"https:\/\/api.w.org\/{rel}","templated":true}]}}