{"id":44514,"date":"2021-11-18T15:38:39","date_gmt":"2021-11-18T21:38:39","guid":{"rendered":"https:\/\/elreporterohgo.com\/noticias\/?p=44514"},"modified":"2021-11-18T15:38:41","modified_gmt":"2021-11-18T21:38:41","slug":"regresa-a-prision-el-ex-alcalde-priista-de-mineral-de-la-reforma","status":"publish","type":"post","link":"https:\/\/elreporterohgo.com\/noticias\/2021\/11\/18\/regresa-a-prision-el-ex-alcalde-priista-de-mineral-de-la-reforma\/","title":{"rendered":"Regresa a prisi\u00f3n el ex alcalde priista de Mineral de la Reforma"},"content":{"rendered":"\n<figure class=\"wp-block-image\"><img fetchpriority=\"high\" decoding=\"async\" width=\"1024\" height=\"735\" src=\"https::\/\/elreporterohgo.com\/noticias\/wp-content\/uploads\/2021\/11\/00filos-2-1024x735.jpg\" alt=\"\" class=\"wp-image-44515\" srcset=\"https:\/\/elreporterohgo.com\/noticias\/wp-content\/uploads\/2021\/11\/00filos-2-1024x735.jpg 1024w, https:\/\/elreporterohgo.com\/noticias\/wp-content\/uploads\/2021\/11\/00filos-2-300x215.jpg 300w, https:\/\/elreporterohgo.com\/noticias\/wp-content\/uploads\/2021\/11\/00filos-2-768x552.jpg 768w, https:\/\/elreporterohgo.com\/noticias\/wp-content\/uploads\/2021\/11\/00filos-2.jpg 1313w\" sizes=\"(max-width: 1024px) 100vw, 1024px\" \/><\/figure>\n\n\n\n<p>Cumple un\narresto de 36 horas<\/p>\n\n\n\n<p>Por Juan\nSabino Cruz<\/p>\n\n\n\n<p>PACHUCA,\nHGO.- Filiberto \u201cN\u201d, la ma\u00f1ana de hoy, fue capturado por agentes de la Polic\u00eda\nde Investigaci\u00f3n e ingresado al Centro de Reinserci\u00f3n social de Pachuca.<\/p>\n\n\n\n<p>Independiente\na los graves problemas que enfrento por su deshonestidad como Presidente\nMunicipal de Mineral de la reforma, Filiberto \u201cN\u201d enfrenta otros pleitos\nlegales presuntamente por no otorgar una pensi\u00f3n alimenticia y violencia\nfamiliar con la madre de un infante de escasos cinco a\u00f1os.<\/p>\n\n\n\n<p>Precisamente,\nse judicializo la carpeta por los problemas con la madre del chiquillo. Inclusive,\nla fueron otorgadas medidas de protecci\u00f3n a la v\u00edctima.<\/p>\n\n\n\n<p>A las diez\nhoras de hoy, en Pachuca, los agentes investigadores aprehendieron a Filiberto \u201cN\u201d\npara dar cumplimiento a un arresto de 36 horas por violentar medidas de\nprotecci\u00f3n dictadas a una v\u00edctima.<\/p>\n\n\n\n<p>El arresto\nest\u00e1 confirmado en virtud que as\u00ed lo establece el Registro Nacional de\nDetenciones.<\/p>\n","protected":false},"excerpt":{"rendered":"<p>Cumple un arresto de 36 horas Por Juan Sabino Cruz PACHUCA, HGO.- Filiberto \u201cN\u201d, la ma\u00f1ana de hoy, fue capturado por agentes de la Polic\u00eda de Investigaci\u00f3n e ingresado al Centro de Reinserci\u00f3n social de Pachuca. Independiente a los graves problemas que enfrento por su deshonestidad como Presidente Municipal de Mineral de la reforma, Filiberto<\/p>\n","protected":false},"author":2,"featured_media":44515,"comment_status":"open","ping_status":"closed","sticky":false,"template":"","format":"standard","meta":{"footnotes":""},"categories":[10],"tags":[],"class_list":{"0":"post-44514","1":"post","2":"type-post","3":"status-publish","4":"format-standard","5":"has-post-thumbnail","7":"category-hidalgo"},"_links":{"self":[{"href":"https:\/\/elreporterohgo.com\/noticias\/wp-json\/wp\/v2\/posts\/44514","targetHints":{"allow":["GET"]}}],"collection":[{"href":"https:\/\/elreporterohgo.com\/noticias\/wp-json\/wp\/v2\/posts"}],"about":[{"href":"https:\/\/elreporterohgo.com\/noticias\/wp-json\/wp\/v2\/types\/post"}],"author":[{"embeddable":true,"href":"https:\/\/elreporterohgo.com\/noticias\/wp-json\/wp\/v2\/users\/2"}],"replies":[{"embeddable":true,"href":"https:\/\/elreporterohgo.com\/noticias\/wp-json\/wp\/v2\/comments?post=44514"}],"version-history":[{"count":1,"href":"https:\/\/elreporterohgo.com\/noticias\/wp-json\/wp\/v2\/posts\/44514\/revisions"}],"predecessor-version":[{"id":44516,"href":"https:\/\/elreporterohgo.com\/noticias\/wp-json\/wp\/v2\/posts\/44514\/revisions\/44516"}],"wp:featuredmedia":[{"embeddable":true,"href":"https:\/\/elreporterohgo.com\/noticias\/wp-json\/wp\/v2\/media\/44515"}],"wp:attachment":[{"href":"https:\/\/elreporterohgo.com\/noticias\/wp-json\/wp\/v2\/media?parent=44514"}],"wp:term":[{"taxonomy":"category","embeddable":true,"href":"https:\/\/elreporterohgo.com\/noticias\/wp-json\/wp\/v2\/categories?post=44514"},{"taxonomy":"post_tag","embeddable":true,"href":"https:\/\/elreporterohgo.com\/noticias\/wp-json\/wp\/v2\/tags?post=44514"}],"curies":[{"name":"wp","href":"https:\/\/api.w.org\/{rel}","templated":true}]}}