{"id":44486,"date":"2021-11-17T06:24:14","date_gmt":"2021-11-17T12:24:14","guid":{"rendered":"https:\/\/elreporterohgo.com\/noticias\/?p=44486"},"modified":"2021-11-17T06:24:15","modified_gmt":"2021-11-17T12:24:15","slug":"asaltaron-a-empleados-municipales-de-san-salvador","status":"publish","type":"post","link":"https:\/\/elreporterohgo.com\/noticias\/2021\/11\/17\/asaltaron-a-empleados-municipales-de-san-salvador\/","title":{"rendered":"Asaltaron a empleados municipales de San Salvador"},"content":{"rendered":"\n<figure class=\"wp-block-image\"><img fetchpriority=\"high\" decoding=\"async\" width=\"1024\" height=\"576\" src=\"https::\/\/elreporterohgo.com\/noticias\/wp-content\/uploads\/2021\/11\/121121-SSPH-IXMIQUILPAN-1-1024x576.jpeg\" alt=\"\" class=\"wp-image-44487\" srcset=\"https:\/\/elreporterohgo.com\/noticias\/wp-content\/uploads\/2021\/11\/121121-SSPH-IXMIQUILPAN-1-1024x576.jpeg 1024w, https:\/\/elreporterohgo.com\/noticias\/wp-content\/uploads\/2021\/11\/121121-SSPH-IXMIQUILPAN-1-300x169.jpeg 300w, https:\/\/elreporterohgo.com\/noticias\/wp-content\/uploads\/2021\/11\/121121-SSPH-IXMIQUILPAN-1-768x432.jpeg 768w, https:\/\/elreporterohgo.com\/noticias\/wp-content\/uploads\/2021\/11\/121121-SSPH-IXMIQUILPAN-1.jpeg 1280w\" sizes=\"(max-width: 1024px) 100vw, 1024px\" \/><\/figure>\n\n\n\n<figure class=\"wp-block-image\"><img decoding=\"async\" width=\"1024\" height=\"574\" src=\"https::\/\/elreporterohgo.com\/noticias\/wp-content\/uploads\/2021\/11\/121121-SSPH-IXMIQUILPAN-3-1024x574.jpeg\" alt=\"\" class=\"wp-image-44488\" srcset=\"https:\/\/elreporterohgo.com\/noticias\/wp-content\/uploads\/2021\/11\/121121-SSPH-IXMIQUILPAN-3-1024x574.jpeg 1024w, https:\/\/elreporterohgo.com\/noticias\/wp-content\/uploads\/2021\/11\/121121-SSPH-IXMIQUILPAN-3-300x168.jpeg 300w, https:\/\/elreporterohgo.com\/noticias\/wp-content\/uploads\/2021\/11\/121121-SSPH-IXMIQUILPAN-3-768x431.jpeg 768w, https:\/\/elreporterohgo.com\/noticias\/wp-content\/uploads\/2021\/11\/121121-SSPH-IXMIQUILPAN-3.jpeg 1280w\" sizes=\"(max-width: 1024px) 100vw, 1024px\" \/><\/figure>\n\n\n\n<p>Detuvieron a dos sujetos<\/p>\n\n\n\n<p>Como resultado de la coordinaci\u00f3n operativa de agentes de\nla Polic\u00eda Estatal y videopatrulleros del C5i\nHidalgo, dos hombres fueron detenidos tras el presunto\nrobo mediante asalto a empleados del Gobierno Municipal de San Salvador.<\/p>\n\n\n\n<p>El oportuno aviso al 911 de Emergencias facilit\u00f3 el\ndespliegue t\u00e1ctico, con la asistencia de videovigilancia en la regi\u00f3n, para la detecci\u00f3n de una camioneta Volkswagen\nSaveiro, color blanco, con r\u00f3tulos del Ayuntamiento\nreferido.<\/p>\n\n\n\n<p>Los tripulantes presuntamente hab\u00edan despojado de objetos\npersonales y la unidad a servidores p\u00fablicos municipales en un comedor de la localidad de El Dextho, sobre la carretera M\u00e9xico-Laredo.<\/p>\n\n\n\n<p>Fue en el municipio de\nIxmiquilpan, en la localidad de El Teph\u00e9, que agentes de la Polic\u00eda Estatal,\ncon el seguimiento de la Unidad de Videovigilancia del C5i, intervinieron el\nveh\u00edculo con dos hombres a bordo.<\/p>\n\n\n\n<p>Las personas, al notar las patrullas, hicieron alto, descendieron del autom\u00f3vil y comenzaron a correr,\nresultando lesionado uno de ellos durante el intento de escape.<\/p>\n\n\n\n<p>En calidad de detenido, el individuo fue trasladado al\nHospital Regional para su atenci\u00f3n.<\/p>\n\n\n\n<p>En el sitio fue capturado el segundo sujeto, que se identific\u00f3 como J.A.B.V., de 22 a\u00f1os, vecino de\nEcatepec, Estado de M\u00e9xico. Ambos quedaron a disposici\u00f3n del Ministerio\nP\u00fablico, relacionados con la carpeta de investigaci\u00f3n iniciada.<\/p>\n\n\n\n<p>La Secretar\u00eda de Seguridad P\u00fablica de Hidalgo reitera el\nllamado a la ciudadan\u00eda para contribuir con estas\nacciones, realizando reportes mediante el 911 de Emergencias y\/o al 089 de\nDenuncia An\u00f3nima.<\/p>\n\n\n\n<p>-0-<\/p>\n","protected":false},"excerpt":{"rendered":"<p>Detuvieron a dos sujetos Como resultado de la coordinaci\u00f3n operativa de agentes de la Polic\u00eda Estatal y videopatrulleros del C5i Hidalgo, dos hombres fueron detenidos tras el presunto robo mediante asalto a empleados del Gobierno Municipal de San Salvador. El oportuno aviso al 911 de Emergencias facilit\u00f3 el despliegue t\u00e1ctico, con la asistencia de videovigilancia<\/p>\n","protected":false},"author":2,"featured_media":44487,"comment_status":"open","ping_status":"closed","sticky":false,"template":"","format":"standard","meta":{"footnotes":""},"categories":[10],"tags":[],"class_list":{"0":"post-44486","1":"post","2":"type-post","3":"status-publish","4":"format-standard","5":"has-post-thumbnail","7":"category-hidalgo"},"_links":{"self":[{"href":"https:\/\/elreporterohgo.com\/noticias\/wp-json\/wp\/v2\/posts\/44486","targetHints":{"allow":["GET"]}}],"collection":[{"href":"https:\/\/elreporterohgo.com\/noticias\/wp-json\/wp\/v2\/posts"}],"about":[{"href":"https:\/\/elreporterohgo.com\/noticias\/wp-json\/wp\/v2\/types\/post"}],"author":[{"embeddable":true,"href":"https:\/\/elreporterohgo.com\/noticias\/wp-json\/wp\/v2\/users\/2"}],"replies":[{"embeddable":true,"href":"https:\/\/elreporterohgo.com\/noticias\/wp-json\/wp\/v2\/comments?post=44486"}],"version-history":[{"count":1,"href":"https:\/\/elreporterohgo.com\/noticias\/wp-json\/wp\/v2\/posts\/44486\/revisions"}],"predecessor-version":[{"id":44489,"href":"https:\/\/elreporterohgo.com\/noticias\/wp-json\/wp\/v2\/posts\/44486\/revisions\/44489"}],"wp:featuredmedia":[{"embeddable":true,"href":"https:\/\/elreporterohgo.com\/noticias\/wp-json\/wp\/v2\/media\/44487"}],"wp:attachment":[{"href":"https:\/\/elreporterohgo.com\/noticias\/wp-json\/wp\/v2\/media?parent=44486"}],"wp:term":[{"taxonomy":"category","embeddable":true,"href":"https:\/\/elreporterohgo.com\/noticias\/wp-json\/wp\/v2\/categories?post=44486"},{"taxonomy":"post_tag","embeddable":true,"href":"https:\/\/elreporterohgo.com\/noticias\/wp-json\/wp\/v2\/tags?post=44486"}],"curies":[{"name":"wp","href":"https:\/\/api.w.org\/{rel}","templated":true}]}}