{"id":44454,"date":"2021-11-15T12:49:14","date_gmt":"2021-11-15T18:49:14","guid":{"rendered":"https:\/\/elreporterohgo.com\/noticias\/?p=44454"},"modified":"2021-11-15T12:49:15","modified_gmt":"2021-11-15T18:49:15","slug":"omar-fayad-dice-somos-guardianes-de-la-cultura-milenaria-de-mexico","status":"publish","type":"post","link":"https:\/\/elreporterohgo.com\/noticias\/2021\/11\/15\/omar-fayad-dice-somos-guardianes-de-la-cultura-milenaria-de-mexico\/","title":{"rendered":"Omar Fayad dice: \u201cSomos guardianes de la cultura milenaria de M\u00e9xico\u00bb"},"content":{"rendered":"\n<figure class=\"wp-block-image\"><img fetchpriority=\"high\" decoding=\"async\" width=\"1024\" height=\"701\" src=\"https::\/\/elreporterohgo.com\/noticias\/wp-content\/uploads\/2021\/11\/00oma1-2-1024x701.jpg\" alt=\"\" class=\"wp-image-44455\" srcset=\"https:\/\/elreporterohgo.com\/noticias\/wp-content\/uploads\/2021\/11\/00oma1-2-1024x701.jpg 1024w, https:\/\/elreporterohgo.com\/noticias\/wp-content\/uploads\/2021\/11\/00oma1-2-300x205.jpg 300w, https:\/\/elreporterohgo.com\/noticias\/wp-content\/uploads\/2021\/11\/00oma1-2-768x526.jpg 768w, https:\/\/elreporterohgo.com\/noticias\/wp-content\/uploads\/2021\/11\/00oma1-2.jpg 1511w\" sizes=\"(max-width: 1024px) 100vw, 1024px\" \/><\/figure>\n\n\n\n<p>Dub\u00e1i, Emiratos \u00c1rabes Unidos.- &nbsp;\u201cSomos\nguardianes de la cultura milenaria de M\u00e9xico, que hoy mira hacia el futuro a\ntrav\u00e9s del conocimiento, la innovaci\u00f3n y la cooperaci\u00f3n con los pueblos del\nmundo\u201d, expres\u00f3 el Gobernador Omar Fayad durante el acto por la celebraci\u00f3n del\nD\u00eda de Hidalgo en el Pabell\u00f3n M\u00e9xico en la Expo 2020 Dub\u00e1i.<\/p>\n\n\n\n<p>El Esp\u00edritu de\nHidalgo y los hidalguenses fascin\u00f3 a todos los asistentes porque somos, declar\u00f3\nFayad, una amalgama de naturaleza y cultura, desde la incomparable riqueza\ngeol\u00f3gica de este territorio, las tradiciones de nuestra gente, hasta las\nnuevas historias de \u00e9xito en la ciencia y la tecnolog\u00eda. <\/p>\n\n\n\n<p>\u201cHoy, con\nnuestra cultura, tradiciones, legado cultural y las historias de \u00e9xito en\nciencia y tecnolog\u00eda, pusimos muy en alto el nombre de M\u00e9xico en el mundo, aqu\u00ed\nen el escaparate m\u00e1s grande del planeta, con la Secretar\u00eda de Relaciones\nExteriores y el Canciller Marcelo Ebrard como aliados\u201d, apunt\u00f3 el mandatario\nestatal.<\/p>\n\n\n\n<p>Dimos a conocer\nal mundo el Esp\u00edritu de Hidalgo en la macropantalla del Pabell\u00f3n de M\u00e9xico, una\npieza audiovisual que resalta la gran riqueza cultural, econ\u00f3mica, social y las\noportunidades de inversi\u00f3n y desarrollo cient\u00edfico y tecnol\u00f3gico que ofrece\nHidalgo.<\/p>\n\n\n\n<p>\u201cEsp\u00edritu de\nHidalgo es una propuesta del Gobierno de Hidalgo en colaboraci\u00f3n con Alex\nMoreno y los cient\u00edficos mexicanos Christian Pe\u00f1aloza y Parsifal Islas; para\nproyectar una visi\u00f3n de cultura y desarrollo cient\u00edfico en el Pabell\u00f3n de\nM\u00e9xico\u201d, expres\u00f3 el gobernador de Hidalgo, Omar Fayad.<\/p>\n\n\n\n<p>Es una\npropuesta narrativa visual y auditiva que enaltece esta historia milenaria de\nnuestro territorio y nuestra gente, parte de un patrimonio que hoy nos permite\nvolar al futuro desde la Expo 2020 Dub\u00e1i, puntualiz\u00f3.<\/p>\n\n\n\n<p>El D\u00eda de\nHidalgo se realiz\u00f3 como parte de la Semana de M\u00e9xico este viernes 12 de\nnoviembre en el Pabell\u00f3n de M\u00e9xico, al cual acudieron la subsecretaria de\nAsuntos Multilaterales y Derechos Humanos, Martha Delgado y la embajadora de\nM\u00e9xico en los Emiratos \u00c1rabes Unidos, Francisca M\u00e9ndez y el titular del\nInstituto de los Mexicanos en el Extranjero, Luis Guti\u00e9rrez.<\/p>\n\n\n\n<p>Adem\u00e1s,\nacompa\u00f1aron al gobernador Omar Fayad reconocidos cient\u00edficos mexicanos como\nChristian Pe\u00f1aloza, CEO de Mirai Innovation en Jap\u00f3n y Parsifal Islas, de la\nC\u00e1tedra de Diplomacia y Patrimonio de la Ciencia de la Universidad Nacional\nAut\u00f3noma de M\u00e9xico (UNAM).<\/p>\n\n\n\n<p>Como muestra\ndel reconocimiento al talento que hay en el estado de Hidalgo y de los lazos\nque se est\u00e1n tejiendo con el Pabell\u00f3n de M\u00e9xico, se coloc\u00f3 en la fachada el\nBordado de Tenango m\u00e1s grande del mundo, para deleite de los miles de\nvisitantes de la primera Exposici\u00f3n Universal celebrada en los Emiratos \u00c1rabes\nUnidos.<\/p>\n\n\n\n<p>\u201cVivimos un\ngran momento enmarcado en las fibras mismas del bordado de Tenango de 105 metros\ncuadrados, una de las m\u00e1s bellas expresiones de las manos hidalguenses, trabajo\nde mil 250 artesanos, con 75 mil metros de hilo y 3 mil agujas; reconocido por\nel R\u00e9cord Guinness como el m\u00e1s grande del mundo\u201d, explic\u00f3 Fayad.<\/p>\n\n\n\n<p>Con la llegada\ndel Tenango de Hidalgo al Pabell\u00f3n de M\u00e9xico, M\u00e9xico reitera su compromiso para\nreconocer los derechos culturales de las y los artesanos mexicanos y promover\nel talento que hay en M\u00e9xico ante los ojos del mundo entero. El Tenango, cuyo\nnombre es \u201cLa Gran Rep\u00fablica\u201d representa tejer los lazos comunitarios que las\nartesanas est\u00e1n realizando en Tenango de Doria en Hidalgo.<\/p>\n\n\n\n<p>A continuaci\u00f3n,\nla comitiva del estado invitado present\u00f3 ante un grupo de personas encabezadas\npor la subsecretaria Martha Delgado y la embajadora de M\u00e9xico en los Emiratos\n\u00c1rabes Unidos, los proyectos innovadores que buscan mostrar a Hidalgo como\npunta de lanza en el desarrollo cient\u00edfico y tecnol\u00f3gico en M\u00e9xico. <\/p>\n\n\n\n<p>La presentaci\u00f3n tuvo una demostraci\u00f3n de la grandeza de Hidalgo a trav\u00e9s\nde experiencias en realidad virtual, las cuales fueron disfrutadas por las\nautoridades presentes, adem\u00e1s de los invitados que asombrados pudieron conocer\nun pedacito de todo lo que Hidalgo ofrece, desde los Emiratos \u00c1rabes Unidos.\nEsta presentaci\u00f3n tuvo como finalidad dar a conocer el potencial del estado\npara tejer lazos importantes de cooperaci\u00f3n con inversionistas de esta regi\u00f3n\ndel Medio Oriente.<\/p>\n\n\n\n<p>Para cerrar con\nbroche de oro el D\u00eda de Hidalgo en la Expo 2020 Dub\u00e1i, en los Emiratos \u00c1rabes Unidos,\nel gobernador Omar Fayad fue el invitado especial al concierto de la Sonora\nSantanera que se llev\u00f3 a cabo en el <em>Dubai Millennium Amphitheatre<\/em>, como\nparte de las actividades culturales del Pabell\u00f3n de M\u00e9xico en la Semana\nNacional de M\u00e9xico en la Expo 2020 Dub\u00e1i.<\/p>\n","protected":false},"excerpt":{"rendered":"<p>Dub\u00e1i, Emiratos \u00c1rabes Unidos.- &nbsp;\u201cSomos guardianes de la cultura milenaria de M\u00e9xico, que hoy mira hacia el futuro a trav\u00e9s del conocimiento, la innovaci\u00f3n y la cooperaci\u00f3n con los pueblos del mundo\u201d, expres\u00f3 el Gobernador Omar Fayad durante el acto por la celebraci\u00f3n del D\u00eda de Hidalgo en el Pabell\u00f3n M\u00e9xico en la Expo 2020<\/p>\n","protected":false},"author":2,"featured_media":44455,"comment_status":"open","ping_status":"closed","sticky":false,"template":"","format":"standard","meta":{"footnotes":""},"categories":[10],"tags":[],"class_list":{"0":"post-44454","1":"post","2":"type-post","3":"status-publish","4":"format-standard","5":"has-post-thumbnail","7":"category-hidalgo"},"_links":{"self":[{"href":"https:\/\/elreporterohgo.com\/noticias\/wp-json\/wp\/v2\/posts\/44454","targetHints":{"allow":["GET"]}}],"collection":[{"href":"https:\/\/elreporterohgo.com\/noticias\/wp-json\/wp\/v2\/posts"}],"about":[{"href":"https:\/\/elreporterohgo.com\/noticias\/wp-json\/wp\/v2\/types\/post"}],"author":[{"embeddable":true,"href":"https:\/\/elreporterohgo.com\/noticias\/wp-json\/wp\/v2\/users\/2"}],"replies":[{"embeddable":true,"href":"https:\/\/elreporterohgo.com\/noticias\/wp-json\/wp\/v2\/comments?post=44454"}],"version-history":[{"count":1,"href":"https:\/\/elreporterohgo.com\/noticias\/wp-json\/wp\/v2\/posts\/44454\/revisions"}],"predecessor-version":[{"id":44456,"href":"https:\/\/elreporterohgo.com\/noticias\/wp-json\/wp\/v2\/posts\/44454\/revisions\/44456"}],"wp:featuredmedia":[{"embeddable":true,"href":"https:\/\/elreporterohgo.com\/noticias\/wp-json\/wp\/v2\/media\/44455"}],"wp:attachment":[{"href":"https:\/\/elreporterohgo.com\/noticias\/wp-json\/wp\/v2\/media?parent=44454"}],"wp:term":[{"taxonomy":"category","embeddable":true,"href":"https:\/\/elreporterohgo.com\/noticias\/wp-json\/wp\/v2\/categories?post=44454"},{"taxonomy":"post_tag","embeddable":true,"href":"https:\/\/elreporterohgo.com\/noticias\/wp-json\/wp\/v2\/tags?post=44454"}],"curies":[{"name":"wp","href":"https:\/\/api.w.org\/{rel}","templated":true}]}}