{"id":44447,"date":"2021-11-15T12:18:40","date_gmt":"2021-11-15T18:18:40","guid":{"rendered":"https:\/\/elreporterohgo.com\/noticias\/?p=44447"},"modified":"2021-11-15T12:18:41","modified_gmt":"2021-11-15T18:18:41","slug":"julio-valera-va-de-nuevo-por-la-dirigencia-estatal-del-pri","status":"publish","type":"post","link":"https:\/\/elreporterohgo.com\/noticias\/2021\/11\/15\/julio-valera-va-de-nuevo-por-la-dirigencia-estatal-del-pri\/","title":{"rendered":"Julio Valera va de nuevo por la dirigencia estatal del PRI"},"content":{"rendered":"\n<figure class=\"wp-block-image\"><img fetchpriority=\"high\" decoding=\"async\" width=\"1024\" height=\"763\" src=\"https::\/\/elreporterohgo.com\/noticias\/wp-content\/uploads\/2021\/11\/000ert-2-1024x763.jpg\" alt=\"\" class=\"wp-image-44448\" srcset=\"https:\/\/elreporterohgo.com\/noticias\/wp-content\/uploads\/2021\/11\/000ert-2-1024x763.jpg 1024w, https:\/\/elreporterohgo.com\/noticias\/wp-content\/uploads\/2021\/11\/000ert-2-300x224.jpg 300w, https:\/\/elreporterohgo.com\/noticias\/wp-content\/uploads\/2021\/11\/000ert-2-768x573.jpg 768w, https:\/\/elreporterohgo.com\/noticias\/wp-content\/uploads\/2021\/11\/000ert-2.jpg 1301w\" sizes=\"(max-width: 1024px) 100vw, 1024px\" \/><\/figure>\n\n\n\n<figure class=\"wp-block-image\"><img decoding=\"async\" width=\"1024\" height=\"679\" src=\"https::\/\/elreporterohgo.com\/noticias\/wp-content\/uploads\/2021\/11\/000rty-2-1024x679.jpg\" alt=\"\" class=\"wp-image-44449\" srcset=\"https:\/\/elreporterohgo.com\/noticias\/wp-content\/uploads\/2021\/11\/000rty-2-1024x679.jpg 1024w, https:\/\/elreporterohgo.com\/noticias\/wp-content\/uploads\/2021\/11\/000rty-2-300x199.jpg 300w, https:\/\/elreporterohgo.com\/noticias\/wp-content\/uploads\/2021\/11\/000rty-2-768x509.jpg 768w, https:\/\/elreporterohgo.com\/noticias\/wp-content\/uploads\/2021\/11\/000rty-2.jpg 1498w\" sizes=\"(max-width: 1024px) 100vw, 1024px\" \/><\/figure>\n\n\n\n<p>Lo acompa\u00f1a Victoria Eugenia M\u00e9ndez<\/p>\n\n\n\n<p>Pachuca Hgo.- Julio\nManuel Valera Piedras y Victoria Eugenia M\u00e9ndez M\u00e1rquez acudieron a las\ninstalaciones del Comit\u00e9 Directivo Estatal (CDE) del Partido Revolucionario\nInstitucional (PRI) en Hidalgo, para realizar ante la Comisi\u00f3n Estatal de\nProcesos Internos (CEPI) encabezada por Jos\u00e9 Gonzalo Badillo Ortiz, su registro\ncomo aspirantes a titulares de la Presidencia y la Secretar\u00eda General\nrespectivamente para el periodo estatutario 2021-2025.<\/p>\n\n\n\n<p>Ante la presencia\nde las y los liderazgos que conforman el PRI en la entidad, Julio Valera dijo\nsentirse complacido por su presencia, por lo que asegur\u00f3 que Hidalgo seguir\u00e1\nsiendo priista, \u201cme llena de emoci\u00f3n ver as\u00ed a mi partido, ver la euforia de\ncada gesto y abrazo, porque esa es la fuerza, la algarab\u00eda y el \u00e1nimo de\ntriunfo de nuestro instituto pol\u00edtico\u201d.<\/p>\n\n\n\n<p>\u201cEn el PRI\nseguiremos honrando las causas de nuestro partido, no nos vamos a agachar, somos\nun partido que ha trabajado por las causas de las mujeres, de las personas con\ndiscapacidad, de los ind\u00edgenas y de los j\u00f3venes\u201d.<\/p>\n\n\n\n<p>De la misma\nmanera, Julio Valera convoc\u00f3 a las y los priistas a mantener la unidad al\ninterior del partido y dejar fuera los intereses personales, porque en el instituto\ntricolor el valor de la unidad es garant\u00eda para salir victoriosos en el\nsiguiente proceso electoral, \u201ccuando el PRI sale unido, siempre es ganador\u201d.<\/p>\n\n\n\n<p>Remarc\u00f3 que para\nque esta cualidad sea real y verdadera, se debe de entender que nadie puede\nestar por encima del partido, por lo que la unidad debe de ser en torno al\n\u00fanico l\u00edder, a Omar Fayad, quien ha dado fuerza y autoridad moral para decirle\na la gente que el PRI gobierna mejor.&nbsp;\n\u201cPor encima del partido nada, fuera de nuestra unidad nadie\u201d.<\/p>\n\n\n\n<p>Subray\u00f3 que los\nresultados que ha entregado el primer priista en la entidad han hecho que\nHidalgo sea referente en los rubros de salud, educaci\u00f3n, desarrollo y progreso,\ny ser\u00e1n esos resultados los que impedir\u00e1n que aquellos que no saben, no quieren\ny no han podido gobernar entren a la entidad, \u201cMorena es un ave de paso que no aterrizar\u00e1\nen Hidalgo\u201d.<\/p>\n\n\n\n<p>Julio Valera\nremarc\u00f3 que en el PRI puede haber desacuerdos, posiciones diferentes, pero es\nel \u00fanico partido que siempre encuentra el camino y las coincidencias para salir\nunidos y fuertes.<\/p>\n\n\n\n<p>Dijo que la\ndirigencia que encabezar\u00e1 con Victoria Eugenia M\u00e9ndez M\u00e1rquez, tiene la tarea\nde mantener la convicci\u00f3n del PRI, \u201cser un partido que trabaje y luche por las\nsoluciones de la sociedad, iremos por todas y todos los priistas para ganar\u201d. <\/p>\n\n\n\n<p>\u201cEste es un barco\nen el que vamos todos y si llevamos la unidad como principio, no hay duda de\nque en 2022 ser\u00e1 nuevamente Hidalgo, el epicentro del triunfo del priismo\nnacional\u201d.<\/p>\n\n\n\n<p>En tanto,\nVictoria Eugenia M\u00e9ndez M\u00e1rquez se\u00f1al\u00f3 sentirse emocionada de compartir la\ndirigencia con Julio Valera, pues es un hombre comprometido, entusiasta y\namoroso del partido. <\/p>\n\n\n\n<p>\u201cSean testigos\ndel compromiso que hago con la dirigencia del partido y con todos ustedes, de\nque mi \u00fanica bandera es el trabajo y la unidad, porque nosotros en Hidalgo\nvamos a ganar\u201d.<\/p>\n","protected":false},"excerpt":{"rendered":"<p>Lo acompa\u00f1a Victoria Eugenia M\u00e9ndez Pachuca Hgo.- Julio Manuel Valera Piedras y Victoria Eugenia M\u00e9ndez M\u00e1rquez acudieron a las instalaciones del Comit\u00e9 Directivo Estatal (CDE) del Partido Revolucionario Institucional (PRI) en Hidalgo, para realizar ante la Comisi\u00f3n Estatal de Procesos Internos (CEPI) encabezada por Jos\u00e9 Gonzalo Badillo Ortiz, su registro como aspirantes a titulares de<\/p>\n","protected":false},"author":2,"featured_media":44448,"comment_status":"open","ping_status":"closed","sticky":false,"template":"","format":"standard","meta":{"footnotes":""},"categories":[10],"tags":[],"class_list":{"0":"post-44447","1":"post","2":"type-post","3":"status-publish","4":"format-standard","5":"has-post-thumbnail","7":"category-hidalgo"},"_links":{"self":[{"href":"https:\/\/elreporterohgo.com\/noticias\/wp-json\/wp\/v2\/posts\/44447","targetHints":{"allow":["GET"]}}],"collection":[{"href":"https:\/\/elreporterohgo.com\/noticias\/wp-json\/wp\/v2\/posts"}],"about":[{"href":"https:\/\/elreporterohgo.com\/noticias\/wp-json\/wp\/v2\/types\/post"}],"author":[{"embeddable":true,"href":"https:\/\/elreporterohgo.com\/noticias\/wp-json\/wp\/v2\/users\/2"}],"replies":[{"embeddable":true,"href":"https:\/\/elreporterohgo.com\/noticias\/wp-json\/wp\/v2\/comments?post=44447"}],"version-history":[{"count":1,"href":"https:\/\/elreporterohgo.com\/noticias\/wp-json\/wp\/v2\/posts\/44447\/revisions"}],"predecessor-version":[{"id":44450,"href":"https:\/\/elreporterohgo.com\/noticias\/wp-json\/wp\/v2\/posts\/44447\/revisions\/44450"}],"wp:featuredmedia":[{"embeddable":true,"href":"https:\/\/elreporterohgo.com\/noticias\/wp-json\/wp\/v2\/media\/44448"}],"wp:attachment":[{"href":"https:\/\/elreporterohgo.com\/noticias\/wp-json\/wp\/v2\/media?parent=44447"}],"wp:term":[{"taxonomy":"category","embeddable":true,"href":"https:\/\/elreporterohgo.com\/noticias\/wp-json\/wp\/v2\/categories?post=44447"},{"taxonomy":"post_tag","embeddable":true,"href":"https:\/\/elreporterohgo.com\/noticias\/wp-json\/wp\/v2\/tags?post=44447"}],"curies":[{"name":"wp","href":"https:\/\/api.w.org\/{rel}","templated":true}]}}