{"id":44372,"date":"2021-11-10T12:56:42","date_gmt":"2021-11-10T18:56:42","guid":{"rendered":"https:\/\/elreporterohgo.com\/noticias\/?p=44372"},"modified":"2021-11-10T12:56:43","modified_gmt":"2021-11-10T18:56:43","slug":"amplian-plazo-para-instruccion-del-procedimiento-a-juicio-politico","status":"publish","type":"post","link":"https:\/\/elreporterohgo.com\/noticias\/2021\/11\/10\/amplian-plazo-para-instruccion-del-procedimiento-a-juicio-politico\/","title":{"rendered":"Amplian plazo para instrucci\u00f3n del procedimiento a juicio pol\u00edtico"},"content":{"rendered":"\n<figure class=\"wp-block-image\"><img fetchpriority=\"high\" decoding=\"async\" width=\"1024\" height=\"683\" src=\"https::\/\/elreporterohgo.com\/noticias\/wp-content\/uploads\/2021\/11\/IMG_2094-copia-1024x683.jpg\" alt=\"\" class=\"wp-image-44373\" srcset=\"https:\/\/elreporterohgo.com\/noticias\/wp-content\/uploads\/2021\/11\/IMG_2094-copia-1024x683.jpg 1024w, https:\/\/elreporterohgo.com\/noticias\/wp-content\/uploads\/2021\/11\/IMG_2094-copia-300x200.jpg 300w, https:\/\/elreporterohgo.com\/noticias\/wp-content\/uploads\/2021\/11\/IMG_2094-copia-768x512.jpg 768w, https:\/\/elreporterohgo.com\/noticias\/wp-content\/uploads\/2021\/11\/IMG_2094-copia.jpg 1368w\" sizes=\"(max-width: 1024px) 100vw, 1024px\" \/><\/figure>\n\n\n\n<p>Actividades en el Congreso de Hidalgo<\/p>\n\n\n\n<p>PACHUCA, Hgo.-\nLa ma\u00f1ana de este mi\u00e9rcoles 10 de noviembre, durante la sesi\u00f3n ordinaria n\u00famero\n21 de la LXV Legislatura, qued\u00f3 aprobado por unanimidad el acuerdo de\nampliaci\u00f3n del plazo para la instrucci\u00f3n del procedimiento a juicio pol\u00edtico\nC.I.\/03\/2021\/AC-04, presentado por la Comisi\u00f3n Instructora, que encabeza el\ndiputado Jorge Hern\u00e1ndez Araus.<\/p>\n\n\n\n<p>Con dicho\ndocumento los miembros del Congreso del estado de Hidalgo conceden 15 d\u00edas m\u00e1s\npara el desahogo del caso, por as\u00ed requerirlo su procedimiento.<\/p>\n\n\n\n<p>Es\nimportante mencionar que aunque la solicitud fue revisada en una ocasi\u00f3n previa\npor observaciones del pleno, no requiri\u00f3 ninguna modificaci\u00f3n, pues est\u00e1\nconstruida correctamente conforme a derecho y se\u00f1ala de manera expl\u00edcita los\nfundamentos necesarios.<\/p>\n","protected":false},"excerpt":{"rendered":"<p>Actividades en el Congreso de Hidalgo PACHUCA, Hgo.- La ma\u00f1ana de este mi\u00e9rcoles 10 de noviembre, durante la sesi\u00f3n ordinaria n\u00famero 21 de la LXV Legislatura, qued\u00f3 aprobado por unanimidad el acuerdo de ampliaci\u00f3n del plazo para la instrucci\u00f3n del procedimiento a juicio pol\u00edtico C.I.\/03\/2021\/AC-04, presentado por la Comisi\u00f3n Instructora, que encabeza el diputado Jorge<\/p>\n","protected":false},"author":2,"featured_media":44373,"comment_status":"open","ping_status":"closed","sticky":false,"template":"","format":"standard","meta":{"footnotes":""},"categories":[10],"tags":[],"class_list":{"0":"post-44372","1":"post","2":"type-post","3":"status-publish","4":"format-standard","5":"has-post-thumbnail","7":"category-hidalgo"},"_links":{"self":[{"href":"https:\/\/elreporterohgo.com\/noticias\/wp-json\/wp\/v2\/posts\/44372","targetHints":{"allow":["GET"]}}],"collection":[{"href":"https:\/\/elreporterohgo.com\/noticias\/wp-json\/wp\/v2\/posts"}],"about":[{"href":"https:\/\/elreporterohgo.com\/noticias\/wp-json\/wp\/v2\/types\/post"}],"author":[{"embeddable":true,"href":"https:\/\/elreporterohgo.com\/noticias\/wp-json\/wp\/v2\/users\/2"}],"replies":[{"embeddable":true,"href":"https:\/\/elreporterohgo.com\/noticias\/wp-json\/wp\/v2\/comments?post=44372"}],"version-history":[{"count":1,"href":"https:\/\/elreporterohgo.com\/noticias\/wp-json\/wp\/v2\/posts\/44372\/revisions"}],"predecessor-version":[{"id":44374,"href":"https:\/\/elreporterohgo.com\/noticias\/wp-json\/wp\/v2\/posts\/44372\/revisions\/44374"}],"wp:featuredmedia":[{"embeddable":true,"href":"https:\/\/elreporterohgo.com\/noticias\/wp-json\/wp\/v2\/media\/44373"}],"wp:attachment":[{"href":"https:\/\/elreporterohgo.com\/noticias\/wp-json\/wp\/v2\/media?parent=44372"}],"wp:term":[{"taxonomy":"category","embeddable":true,"href":"https:\/\/elreporterohgo.com\/noticias\/wp-json\/wp\/v2\/categories?post=44372"},{"taxonomy":"post_tag","embeddable":true,"href":"https:\/\/elreporterohgo.com\/noticias\/wp-json\/wp\/v2\/tags?post=44372"}],"curies":[{"name":"wp","href":"https:\/\/api.w.org\/{rel}","templated":true}]}}