{"id":44369,"date":"2021-11-09T21:59:18","date_gmt":"2021-11-10T03:59:18","guid":{"rendered":"https:\/\/elreporterohgo.com\/noticias\/?p=44369"},"modified":"2021-11-09T21:59:19","modified_gmt":"2021-11-10T03:59:19","slug":"dos-detenidos-tas-haber-robado-en-un-taller","status":"publish","type":"post","link":"https:\/\/elreporterohgo.com\/noticias\/2021\/11\/09\/dos-detenidos-tas-haber-robado-en-un-taller\/","title":{"rendered":"Dos detenidos tas haber robado en un taller"},"content":{"rendered":"\n<p><strong>r<\/strong><\/p>\n\n\n\n<figure class=\"wp-block-image\"><img fetchpriority=\"high\" decoding=\"async\" width=\"1024\" height=\"591\" src=\"https::\/\/elreporterohgo.com\/noticias\/wp-content\/uploads\/2021\/11\/091121-SSPH-MINERAL-DE-LA-REFORMA-1024x591.jpeg\" alt=\"\" class=\"wp-image-44370\" srcset=\"https:\/\/elreporterohgo.com\/noticias\/wp-content\/uploads\/2021\/11\/091121-SSPH-MINERAL-DE-LA-REFORMA-1024x591.jpeg 1024w, https:\/\/elreporterohgo.com\/noticias\/wp-content\/uploads\/2021\/11\/091121-SSPH-MINERAL-DE-LA-REFORMA-300x173.jpeg 300w, https:\/\/elreporterohgo.com\/noticias\/wp-content\/uploads\/2021\/11\/091121-SSPH-MINERAL-DE-LA-REFORMA-768x443.jpeg 768w, https:\/\/elreporterohgo.com\/noticias\/wp-content\/uploads\/2021\/11\/091121-SSPH-MINERAL-DE-LA-REFORMA.jpeg 1152w\" sizes=\"(max-width: 1024px) 100vw, 1024px\" \/><\/figure>\n\n\n\n<p>MINERAL DE LA REDORMA, Hgo.- Dos personas de g\u00e9nero\nmasculino fueron detenidas y consignadas ante la autoridad ministerial, luego\nde ser aseguradas por agentes de la Secretar\u00eda de\nSeguridad P\u00fablica de Hidalgo que prestaron apoyo al\npropietario de un taller ubicado en la comunidad de Santa Mar\u00eda La Calera,\nMineral de la Reforma.<\/p>\n\n\n\n<p>Una llamada de auxilio al C5i de Hidalgo, a trav\u00e9s del n\u00famero de Emergencias 911, puso en movimiento al lugar del\nincidente a personal de la Agencia de Seguridad Estatal.<\/p>\n\n\n\n<p>En el sitio, oficiales realizaron la detenci\u00f3n de quienes\nresponden a los nombres de A.D.V.P. y R.S.C.P., de 22 y 20 a\u00f1os de edad,\nrespectivamente, a quienes les aseguraron un veh\u00edculo\nVolkswagen Jetta, con placas del Estado de M\u00e9xico, con producto de cobre\npresuntamente sustra\u00eddo del sitio.<\/p>\n\n\n\n<p>Los individuo fueron puestos a disposici\u00f3n del Ministerio\nP\u00fablico del fuero com\u00fan, relacionados con la carpeta\nde investigaci\u00f3n que la v\u00edctima inici\u00f3 tras el registro de los hechos.<\/p>\n\n\n\n<p>La Secretar\u00eda de Seguridad P\u00fablica de Hidalgo reitera el\nllamado a la ciudadan\u00eda para contribuir con estas\nacciones, realizando reportes mediante el 911 de Emergencias y\/o al 089 para Denuncia An\u00f3nima.&nbsp;&nbsp;<\/p>\n","protected":false},"excerpt":{"rendered":"<p>r MINERAL DE LA REDORMA, Hgo.- Dos personas de g\u00e9nero masculino fueron detenidas y consignadas ante la autoridad ministerial, luego de ser aseguradas por agentes de la Secretar\u00eda de Seguridad P\u00fablica de Hidalgo que prestaron apoyo al propietario de un taller ubicado en la comunidad de Santa Mar\u00eda La Calera, Mineral de la Reforma. Una<\/p>\n","protected":false},"author":2,"featured_media":44370,"comment_status":"open","ping_status":"closed","sticky":false,"template":"","format":"standard","meta":{"footnotes":""},"categories":[10],"tags":[],"class_list":{"0":"post-44369","1":"post","2":"type-post","3":"status-publish","4":"format-standard","5":"has-post-thumbnail","7":"category-hidalgo"},"_links":{"self":[{"href":"https:\/\/elreporterohgo.com\/noticias\/wp-json\/wp\/v2\/posts\/44369","targetHints":{"allow":["GET"]}}],"collection":[{"href":"https:\/\/elreporterohgo.com\/noticias\/wp-json\/wp\/v2\/posts"}],"about":[{"href":"https:\/\/elreporterohgo.com\/noticias\/wp-json\/wp\/v2\/types\/post"}],"author":[{"embeddable":true,"href":"https:\/\/elreporterohgo.com\/noticias\/wp-json\/wp\/v2\/users\/2"}],"replies":[{"embeddable":true,"href":"https:\/\/elreporterohgo.com\/noticias\/wp-json\/wp\/v2\/comments?post=44369"}],"version-history":[{"count":1,"href":"https:\/\/elreporterohgo.com\/noticias\/wp-json\/wp\/v2\/posts\/44369\/revisions"}],"predecessor-version":[{"id":44371,"href":"https:\/\/elreporterohgo.com\/noticias\/wp-json\/wp\/v2\/posts\/44369\/revisions\/44371"}],"wp:featuredmedia":[{"embeddable":true,"href":"https:\/\/elreporterohgo.com\/noticias\/wp-json\/wp\/v2\/media\/44370"}],"wp:attachment":[{"href":"https:\/\/elreporterohgo.com\/noticias\/wp-json\/wp\/v2\/media?parent=44369"}],"wp:term":[{"taxonomy":"category","embeddable":true,"href":"https:\/\/elreporterohgo.com\/noticias\/wp-json\/wp\/v2\/categories?post=44369"},{"taxonomy":"post_tag","embeddable":true,"href":"https:\/\/elreporterohgo.com\/noticias\/wp-json\/wp\/v2\/tags?post=44369"}],"curies":[{"name":"wp","href":"https:\/\/api.w.org\/{rel}","templated":true}]}}