{"id":44352,"date":"2021-11-09T05:19:41","date_gmt":"2021-11-09T11:19:41","guid":{"rendered":"https:\/\/elreporterohgo.com\/noticias\/?p=44352"},"modified":"2021-11-09T05:19:42","modified_gmt":"2021-11-09T11:19:42","slug":"presunto-secuestrador-ya-fue-vinculado-a-proceso","status":"publish","type":"post","link":"https:\/\/elreporterohgo.com\/noticias\/2021\/11\/09\/presunto-secuestrador-ya-fue-vinculado-a-proceso\/","title":{"rendered":"Presunto secuestrador ya fue vinculado a proceso"},"content":{"rendered":"\n<p><strong>P<\/strong><\/p>\n\n\n\n<figure class=\"wp-block-image\"><img fetchpriority=\"high\" decoding=\"async\" width=\"359\" height=\"233\" src=\"https::\/\/elreporterohgo.com\/noticias\/wp-content\/uploads\/2021\/11\/safe_image-2-1.jpg\" alt=\"\" class=\"wp-image-44353\" srcset=\"https:\/\/elreporterohgo.com\/noticias\/wp-content\/uploads\/2021\/11\/safe_image-2-1.jpg 359w, https:\/\/elreporterohgo.com\/noticias\/wp-content\/uploads\/2021\/11\/safe_image-2-1-300x195.jpg 300w\" sizes=\"(max-width: 359px) 100vw, 359px\" \/><\/figure>\n\n\n\n<p>Pachuca de Soto,\nHgo.- La\nUnidad Especializada en el Combate al Secuestro (UECS) de la Procuradur\u00eda\nGeneral de Justicia del Estado de Hidalgo (PGJEH), obtuvo de un juez de control\nla vinculaci\u00f3n a&nbsp; proceso para una\npersona que es investigada por secuestro agravado.<\/p>\n\n\n\n<p>Con base en indagatorias a\ncargo de un grupo de agentes de Ministerio P\u00fablico de la UECS, reunieron los\ndatos de prueba suficientes contra una persona identificada como Miguel \u00c1ngel\n\u201cN\u201d, a quien se le imputan hechos relacionados con un secuestro ocurrido en\nZimap\u00e1n.<\/p>\n\n\n\n<p>El 14 de septiembre de 2021,\nuna persona de sexo masculino fue secuestrada y a partir de entonces,\nfamiliares de la v\u00edctima recibieron diversas llamadas para exigirles el pago de\nrescate a cambio de su libertad. <\/p>\n\n\n\n<p>Lo ocurrido fue denunciado\nante esta representaci\u00f3n social, situaci\u00f3n que dio origen al inicio de la\ncarpeta de investigaci\u00f3n y con ello las indagatorias que estuvieron a cargo de\npersonal multidisciplinario.<\/p>\n\n\n\n<p>Mediante acciones de\ninteligencia y un operativo t\u00e1ctico de personal especializado adscrito a dicha\nunidad antisecuestro, se detuvo a un probable, identificado como Miguel \u00c1ngel\n\u201cN\u201d. El imputado fue puesto a disposici\u00f3n de un juez de control, autoridad que\nen audiencia inicial y tras la formulaci\u00f3n de la imputaci\u00f3n, dict\u00f3 la\nvinculaci\u00f3n a proceso por secuestro agravado.<\/p>\n\n\n\n<p>Miguel \u00c1ngel \u201cN\u201d permanece en\nprisi\u00f3n preventiva oficiosa. El plazo para que concluya la investigaci\u00f3n\ncomplementaria es de cinco meses.<\/p>\n","protected":false},"excerpt":{"rendered":"<p>P Pachuca de Soto, Hgo.- La Unidad Especializada en el Combate al Secuestro (UECS) de la Procuradur\u00eda General de Justicia del Estado de Hidalgo (PGJEH), obtuvo de un juez de control la vinculaci\u00f3n a&nbsp; proceso para una persona que es investigada por secuestro agravado. Con base en indagatorias a cargo de un grupo de agentes<\/p>\n","protected":false},"author":2,"featured_media":44353,"comment_status":"open","ping_status":"closed","sticky":false,"template":"","format":"standard","meta":{"footnotes":""},"categories":[10],"tags":[],"class_list":{"0":"post-44352","1":"post","2":"type-post","3":"status-publish","4":"format-standard","5":"has-post-thumbnail","7":"category-hidalgo"},"_links":{"self":[{"href":"https:\/\/elreporterohgo.com\/noticias\/wp-json\/wp\/v2\/posts\/44352","targetHints":{"allow":["GET"]}}],"collection":[{"href":"https:\/\/elreporterohgo.com\/noticias\/wp-json\/wp\/v2\/posts"}],"about":[{"href":"https:\/\/elreporterohgo.com\/noticias\/wp-json\/wp\/v2\/types\/post"}],"author":[{"embeddable":true,"href":"https:\/\/elreporterohgo.com\/noticias\/wp-json\/wp\/v2\/users\/2"}],"replies":[{"embeddable":true,"href":"https:\/\/elreporterohgo.com\/noticias\/wp-json\/wp\/v2\/comments?post=44352"}],"version-history":[{"count":1,"href":"https:\/\/elreporterohgo.com\/noticias\/wp-json\/wp\/v2\/posts\/44352\/revisions"}],"predecessor-version":[{"id":44354,"href":"https:\/\/elreporterohgo.com\/noticias\/wp-json\/wp\/v2\/posts\/44352\/revisions\/44354"}],"wp:featuredmedia":[{"embeddable":true,"href":"https:\/\/elreporterohgo.com\/noticias\/wp-json\/wp\/v2\/media\/44353"}],"wp:attachment":[{"href":"https:\/\/elreporterohgo.com\/noticias\/wp-json\/wp\/v2\/media?parent=44352"}],"wp:term":[{"taxonomy":"category","embeddable":true,"href":"https:\/\/elreporterohgo.com\/noticias\/wp-json\/wp\/v2\/categories?post=44352"},{"taxonomy":"post_tag","embeddable":true,"href":"https:\/\/elreporterohgo.com\/noticias\/wp-json\/wp\/v2\/tags?post=44352"}],"curies":[{"name":"wp","href":"https:\/\/api.w.org\/{rel}","templated":true}]}}