{"id":44338,"date":"2021-11-09T04:25:14","date_gmt":"2021-11-09T10:25:14","guid":{"rendered":"https:\/\/elreporterohgo.com\/noticias\/?p=44338"},"modified":"2021-11-09T04:25:15","modified_gmt":"2021-11-09T10:25:15","slug":"santiago-nieto-el-funcianario-de-hierro-renuncio-a-la-uif","status":"publish","type":"post","link":"https:\/\/elreporterohgo.com\/noticias\/2021\/11\/09\/santiago-nieto-el-funcianario-de-hierro-renuncio-a-la-uif\/","title":{"rendered":"Santiago Nieto, el funcianario de hierro, renunci\u00f3 a la UIF"},"content":{"rendered":"\n<figure class=\"wp-block-image\"><img fetchpriority=\"high\" decoding=\"async\" width=\"385\" height=\"227\" src=\"https::\/\/elreporterohgo.com\/noticias\/wp-content\/uploads\/2021\/11\/post_WhatsApp_Image_2021-11-08_at_10.19.08_PM.jpeg\" alt=\"\" class=\"wp-image-44339\" srcset=\"https:\/\/elreporterohgo.com\/noticias\/wp-content\/uploads\/2021\/11\/post_WhatsApp_Image_2021-11-08_at_10.19.08_PM.jpeg 385w, https:\/\/elreporterohgo.com\/noticias\/wp-content\/uploads\/2021\/11\/post_WhatsApp_Image_2021-11-08_at_10.19.08_PM-300x177.jpeg 300w\" sizes=\"(max-width: 385px) 100vw, 385px\" \/><figcaption>Pablo G\u00f3mez relev\u00f3 a Santiago Nieto.<\/figcaption><\/figure>\n\n\n\n<p>Es relevado por <strong>Pablo G\u00f3mez <\/strong><\/p>\n\n\n\n<p>Ciudad de M\u00e9xico, 8 de noviembre de 2021.- Por instrucciones del presidente de la Rep\u00fablica, el secretario de Gobernaci\u00f3n, Ad\u00e1n Augusto L\u00f3pez Hern\u00e1ndez, dio posesi\u00f3n a Pablo G\u00f3mez \u00c1lvarez como nuevo titular de la Unidad de Inteligencia Financiera (UIF) a partir de este d\u00eda.<\/p>\n\n\n\n<p>G\u00f3mez \u00c1lvarez\nreleva a Santiago Nieto Castillo, quien asumi\u00f3 el cargo desde el 1\u00b0 de\ndiciembre de 2018 y present\u00f3 su renuncia al jefe del Ejecutivo federal el d\u00eda\nde hoy.<\/p>\n\n\n\n<p>Pablo G\u00f3mez \u00c1lvarez\nes economista egresado de la UNAM, catedr\u00e1tico y exlegislador; destaca por su\ntrayectoria a favor de causas sociales y derechos humanos a partir del\nmovimiento estudiantil de 1968 y en distintas etapas hist\u00f3ricas del pa\u00eds.<\/p>\n","protected":false},"excerpt":{"rendered":"<p>Es relevado por Pablo G\u00f3mez Ciudad de M\u00e9xico, 8 de noviembre de 2021.- Por instrucciones del presidente de la Rep\u00fablica, el secretario de Gobernaci\u00f3n, Ad\u00e1n Augusto L\u00f3pez Hern\u00e1ndez, dio posesi\u00f3n a Pablo G\u00f3mez \u00c1lvarez como nuevo titular de la Unidad de Inteligencia Financiera (UIF) a partir de este d\u00eda. G\u00f3mez \u00c1lvarez releva a Santiago Nieto<\/p>\n","protected":false},"author":2,"featured_media":44339,"comment_status":"open","ping_status":"closed","sticky":false,"template":"","format":"standard","meta":{"footnotes":""},"categories":[10],"tags":[],"class_list":{"0":"post-44338","1":"post","2":"type-post","3":"status-publish","4":"format-standard","5":"has-post-thumbnail","7":"category-hidalgo"},"_links":{"self":[{"href":"https:\/\/elreporterohgo.com\/noticias\/wp-json\/wp\/v2\/posts\/44338","targetHints":{"allow":["GET"]}}],"collection":[{"href":"https:\/\/elreporterohgo.com\/noticias\/wp-json\/wp\/v2\/posts"}],"about":[{"href":"https:\/\/elreporterohgo.com\/noticias\/wp-json\/wp\/v2\/types\/post"}],"author":[{"embeddable":true,"href":"https:\/\/elreporterohgo.com\/noticias\/wp-json\/wp\/v2\/users\/2"}],"replies":[{"embeddable":true,"href":"https:\/\/elreporterohgo.com\/noticias\/wp-json\/wp\/v2\/comments?post=44338"}],"version-history":[{"count":1,"href":"https:\/\/elreporterohgo.com\/noticias\/wp-json\/wp\/v2\/posts\/44338\/revisions"}],"predecessor-version":[{"id":44340,"href":"https:\/\/elreporterohgo.com\/noticias\/wp-json\/wp\/v2\/posts\/44338\/revisions\/44340"}],"wp:featuredmedia":[{"embeddable":true,"href":"https:\/\/elreporterohgo.com\/noticias\/wp-json\/wp\/v2\/media\/44339"}],"wp:attachment":[{"href":"https:\/\/elreporterohgo.com\/noticias\/wp-json\/wp\/v2\/media?parent=44338"}],"wp:term":[{"taxonomy":"category","embeddable":true,"href":"https:\/\/elreporterohgo.com\/noticias\/wp-json\/wp\/v2\/categories?post=44338"},{"taxonomy":"post_tag","embeddable":true,"href":"https:\/\/elreporterohgo.com\/noticias\/wp-json\/wp\/v2\/tags?post=44338"}],"curies":[{"name":"wp","href":"https:\/\/api.w.org\/{rel}","templated":true}]}}