{"id":44326,"date":"2021-11-08T22:12:03","date_gmt":"2021-11-09T04:12:03","guid":{"rendered":"https:\/\/elreporterohgo.com\/noticias\/?p=44326"},"modified":"2021-11-08T22:12:04","modified_gmt":"2021-11-09T04:12:04","slug":"simon-vargas-respondio-a-preguntas-de-diputados-locales","status":"publish","type":"post","link":"https:\/\/elreporterohgo.com\/noticias\/2021\/11\/08\/simon-vargas-respondio-a-preguntas-de-diputados-locales\/","title":{"rendered":"Sim\u00f3n Vargas respondi\u00f3 a preguntas de diputados locales"},"content":{"rendered":"\n<figure class=\"wp-block-image\"><img fetchpriority=\"high\" decoding=\"async\" width=\"1024\" height=\"682\" src=\"https::\/\/elreporterohgo.com\/noticias\/wp-content\/uploads\/2021\/11\/d7c551f2-6655-4a4f-b65c-4df4add52abb-1024x682.jpg\" alt=\"\" class=\"wp-image-44327\" srcset=\"https:\/\/elreporterohgo.com\/noticias\/wp-content\/uploads\/2021\/11\/d7c551f2-6655-4a4f-b65c-4df4add52abb-1024x682.jpg 1024w, https:\/\/elreporterohgo.com\/noticias\/wp-content\/uploads\/2021\/11\/d7c551f2-6655-4a4f-b65c-4df4add52abb-300x200.jpg 300w, https:\/\/elreporterohgo.com\/noticias\/wp-content\/uploads\/2021\/11\/d7c551f2-6655-4a4f-b65c-4df4add52abb-768x512.jpg 768w, https:\/\/elreporterohgo.com\/noticias\/wp-content\/uploads\/2021\/11\/d7c551f2-6655-4a4f-b65c-4df4add52abb.jpg 1600w\" sizes=\"(max-width: 1024px) 100vw, 1024px\" \/><\/figure>\n\n\n\n<p>Pachuca, Hgo.- Las inundaciones y\nafectaciones en Tula y otros municipios, el asunto de los 300 millones de pesos\npara la escuela es nuestra, la protecci\u00f3n a periodistas y la contrataci\u00f3n de\nadultos mayores en la secretar\u00eda de gobierno, fueron los temas que preguntaron\nlas y los diputados locales de Morena al secretario de Gobierno, Sim\u00f3n Vargas\nAguilar, en el marco de su comparecencia con motivo de la Glosa del Quinto\nInforme de la Administraci\u00f3n P\u00fablica del Estado de Hidalgo<\/p>\n\n\n\n<p>Sim\u00f3n Vargas respondi\u00f3 los\ncuestionamientos de los legisladores morenistas en el marco de la sesi\u00f3n\nordinaria n\u00famero 19, la primera de las que se realizar\u00e1n hasta el 25 de\nnoviembre, para dar cumplimiento al desahogo del calendario de comparecencias <\/p>\n\n\n\n<p>Timoteo L\u00f3pez P\u00e9rez pregunt\u00f3\ncu\u00e1ntas personas adultas mayores est\u00e1n contratadas en la Secretar\u00eda a su cargo\ny qu\u00e9 mecanismos se han implementado para garantizar la inclusi\u00f3n de estos en\nsu plantilla laboral, en conformidad a lo dispuesto en la Ley Org\u00e1nica para la\nAdministraci\u00f3n P\u00fablica del estado de Hidalgo.<\/p>\n\n\n\n<p>Vargas Aguilar, en su respuesta,\ncoment\u00f3 que agradec\u00eda su inter\u00e9s por este sector poblacional \u201cal que ya estamos\ningresando\u201d y mencion\u00f3 que el 40% de los trabajadores de la secretar\u00eda a su\ncargo son adultos mayores, lo que ha llevado que durante la pandemia ese sector\nde trabajadores permanezca en casa.<\/p>\n\n\n\n<p>El legislador pregunt\u00f3 por qu\u00e9 no\nse previno la inundaci\u00f3n de Tula, ya que el gobierno del Estado destin\u00f3 9\nmillones de pesos para la elaboraci\u00f3n del Atlas de Riesgo de la Entidad y se\ncapacit\u00f3 a algunos municipios en materia de protecci\u00f3n civil, lo que el\nfuncionario respondi\u00f3 que no se pudo prevenir la inundaci\u00f3n porque de acuerdo\ncon declaraciones del director general de la Comisi\u00f3n Nacional del Agua\n(Conagua) en el informe presentado en la visita del presidente de la Rep\u00fablica\na Tula, el fin de semana, fue debido a un fen\u00f3meno at\u00edpico la noche del 6 de\nseptiembre pasado.<\/p>\n\n\n\n<p>A\u00f1adi\u00f3 que Conagua es la\nresponsable de todo lo que ocurren en r\u00edos, presas y canales y que deben\nnotificarle para adoptar las medidas a nivel estado, ya que el coordina el\nsistema estatal de protecci\u00f3n civil y que fue tal la cantidad de lluvia, lo que\nse conoce como una tormenta perfecta, en el valle y ciudad de M\u00e9xico y en todo\nel cauce del r\u00edo Tula, de tal formar que fue necesario abrir el desfogue de los\nemisores central y oriente al 50%, lo cual aunado a que se llen\u00f3 la presa\nRequena, la cual comenz\u00f3 a desfogar y fue la causa de la inundaci\u00f3n por la gran\ncantidad de agua.<\/p>\n\n\n\n<p>A\u00f1adi\u00f3 que el presidente de la\nrep\u00fablica ya anuncio que se realizar\u00e1n obras para evitar que se vuelva a\nrepetir este problema que afect\u00f3 a 10 municipios de Hidalgo.<\/p>\n\n\n\n<p>El diputado Fortunato Gonz\u00e1lez\nIslas pregunt\u00f3 cu\u00e1l ha sido el accionar de la secretar\u00eda de Gobierno frente a\nlos ataques f\u00edsicos, intimidaciones y amenazas que han sufrido los periodistas\nen el estado de Hidalgo, qu\u00e9 ha hecho la Comisi\u00f3n Estatal defensora de los\nperiodistas, a lo que el servidor p\u00fablico respondi\u00f3 que se ha dado\nacompa\u00f1amiento a las personas que lo han requerido y que ya se trabaja en la\nelaboraci\u00f3n del reglamento, y que se ha brindado toda la atenci\u00f3n a este tema<\/p>\n\n\n\n<p>En su oportunidad, Lisset\nMarcelino Tovar, diputada de Morena, pregunt\u00f3 cu\u00e1l es la iniciativa que se\ntendr\u00e1 por parte del Gobierno del Estado despu\u00e9s de que no se pudo concretar la\nministraci\u00f3n de los 300 millones de pesos que se etiquetaron en el Presupuesto\ndel a\u00f1o 2020, para apoyar el programa federal La Escuela es Nuestra y que\nbeneficiar\u00eda a m\u00e1s de 700 escuelas del estado, a efecto de retomar esta\niniciativa.<\/p>\n\n\n\n<p>El secretario de Gobierno dijo\nque no fue por problemas burocr\u00e1ticos que no se pudo lograr la ministraci\u00f3n de\nlos 300 millones de pesos, sino porque los recursos empezaron a fluir a fin de\na\u00f1o y el gobierno estatal tra\u00eda una serie de obras en proceso y cuando tra\u00edan\nya toda la planeaci\u00f3n financiera lleg\u00f3 el recorte y usted estuvo presente en\nesa reuni\u00f3n y hubo una afectaci\u00f3n de mil 990 millones de pesos aproximadamente\nel a\u00f1o pasado y hubo afectaciones, pero corresponde al Congreso volver incluir\nlos recursos para ese programa en el paquete econ\u00f3mico de 2022, y que el\ngobierno est\u00e1 dispuesto a apoyar dicho programa.<\/p>\n\n\n\n<p>\u00c1ngel Tenorio y Adelfa Z\u00fa\u00f1iga, diputados\nMorenistas, se refirieron a los temas de violencia de g\u00e9nero o por orientaci\u00f3n\nsexual, y las afectaciones en la regi\u00f3n de Tula y otros municipios por las\ninundaciones, respectivamente. <\/p>\n\n\n\n<p>En su oportunidad, el presidente\nde la Mesa Directiva para el mes de noviembre, el diputado de Morena Jos\u00e9\nAntonio Hern\u00e1ndez Vera, en su mensaje final, manifest\u00f3 que la comparecencia de\nla glosa del quinto informe de gobierno de la administraci\u00f3n p\u00fablica estatal,\nes un acto de transparencia y rendici\u00f3n de cuentas respeto a los resultados de\nlas pol\u00edticas p\u00fablicas, acciones de gobierno, programas sociales y otras\nmedidas destinadas a promover la gobernabilidad y el bienestar de las y los\nhidalguenses.<\/p>\n\n\n\n<p>Adem\u00e1s, dijo que este acto hace\nrealidad los pesos y contrapesos en y Estado moderno y democr\u00e1tico, siempre\npensando en el bienestar de las y los hidalguenses. <\/p>\n","protected":false},"excerpt":{"rendered":"<p>Pachuca, Hgo.- Las inundaciones y afectaciones en Tula y otros municipios, el asunto de los 300 millones de pesos para la escuela es nuestra, la protecci\u00f3n a periodistas y la contrataci\u00f3n de adultos mayores en la secretar\u00eda de gobierno, fueron los temas que preguntaron las y los diputados locales de Morena al secretario de Gobierno,<\/p>\n","protected":false},"author":2,"featured_media":44327,"comment_status":"open","ping_status":"closed","sticky":false,"template":"","format":"standard","meta":{"footnotes":""},"categories":[10],"tags":[],"class_list":{"0":"post-44326","1":"post","2":"type-post","3":"status-publish","4":"format-standard","5":"has-post-thumbnail","7":"category-hidalgo"},"_links":{"self":[{"href":"https:\/\/elreporterohgo.com\/noticias\/wp-json\/wp\/v2\/posts\/44326","targetHints":{"allow":["GET"]}}],"collection":[{"href":"https:\/\/elreporterohgo.com\/noticias\/wp-json\/wp\/v2\/posts"}],"about":[{"href":"https:\/\/elreporterohgo.com\/noticias\/wp-json\/wp\/v2\/types\/post"}],"author":[{"embeddable":true,"href":"https:\/\/elreporterohgo.com\/noticias\/wp-json\/wp\/v2\/users\/2"}],"replies":[{"embeddable":true,"href":"https:\/\/elreporterohgo.com\/noticias\/wp-json\/wp\/v2\/comments?post=44326"}],"version-history":[{"count":1,"href":"https:\/\/elreporterohgo.com\/noticias\/wp-json\/wp\/v2\/posts\/44326\/revisions"}],"predecessor-version":[{"id":44328,"href":"https:\/\/elreporterohgo.com\/noticias\/wp-json\/wp\/v2\/posts\/44326\/revisions\/44328"}],"wp:featuredmedia":[{"embeddable":true,"href":"https:\/\/elreporterohgo.com\/noticias\/wp-json\/wp\/v2\/media\/44327"}],"wp:attachment":[{"href":"https:\/\/elreporterohgo.com\/noticias\/wp-json\/wp\/v2\/media?parent=44326"}],"wp:term":[{"taxonomy":"category","embeddable":true,"href":"https:\/\/elreporterohgo.com\/noticias\/wp-json\/wp\/v2\/categories?post=44326"},{"taxonomy":"post_tag","embeddable":true,"href":"https:\/\/elreporterohgo.com\/noticias\/wp-json\/wp\/v2\/tags?post=44326"}],"curies":[{"name":"wp","href":"https:\/\/api.w.org\/{rel}","templated":true}]}}