{"id":44320,"date":"2021-11-07T21:04:57","date_gmt":"2021-11-08T03:04:57","guid":{"rendered":"https:\/\/elreporterohgo.com\/noticias\/?p=44320"},"modified":"2021-11-08T00:12:21","modified_gmt":"2021-11-08T06:12:21","slug":"omar-faya-de-gira-de-trabajo-por-escocia","status":"publish","type":"post","link":"https:\/\/elreporterohgo.com\/noticias\/2021\/11\/07\/omar-faya-de-gira-de-trabajo-por-escocia\/","title":{"rendered":"Omar Faya de gira de trabajo por Escocia"},"content":{"rendered":"\n<figure class=\"wp-block-image\"><img fetchpriority=\"high\" decoding=\"async\" width=\"884\" height=\"1024\" src=\"https::\/\/elreporterohgo.com\/noticias\/wp-content\/uploads\/2021\/11\/unnamed-2021-11-07T210208.612-2-884x1024.jpg\" alt=\"\" class=\"wp-image-44321\" srcset=\"https:\/\/elreporterohgo.com\/noticias\/wp-content\/uploads\/2021\/11\/unnamed-2021-11-07T210208.612-2-884x1024.jpg 884w, https:\/\/elreporterohgo.com\/noticias\/wp-content\/uploads\/2021\/11\/unnamed-2021-11-07T210208.612-2-259x300.jpg 259w, https:\/\/elreporterohgo.com\/noticias\/wp-content\/uploads\/2021\/11\/unnamed-2021-11-07T210208.612-2-768x889.jpg 768w, https:\/\/elreporterohgo.com\/noticias\/wp-content\/uploads\/2021\/11\/unnamed-2021-11-07T210208.612-2.jpg 957w\" sizes=\"(max-width: 884px) 100vw, 884px\" \/><\/figure>\n\n\n\n<p>Escocia.- En el marco de la Conferencia de las\nNaciones Unidas sobre el Cambio Clim\u00e1tico COP26, el esfuerzo m\u00e1s importante a\nnivel internacional en la materia, que se desarrolla en Glasgow, Escocia y\ndonde participan mandatarios, organizaciones no gubernamentales y l\u00edderes de\ntodo el mundo; el gobernador Omar Fayad fue reconocido por los esfuerzos\nrealizados en materia de educaci\u00f3n ambiental.<\/p>\n\n\n\n<p>En l\u00ednea con la visi\u00f3n en materia de\neducaci\u00f3n ambiental, expresada por la subsecretaria de Asuntos multilaterales\nde la Secretar\u00eda de Relaciones Exteriores, Martha Delgado Peralta, el\ngobernador comparti\u00f3 la experiencia y resultados del programa Escuelas por la\nTierra, impulsado por la Fundaci\u00f3n Educa y Educaci\u00f3n Ambiental&nbsp; Mundial, en donde el estado de Hidalgo obtuvo\nel primer lugar en M\u00e9xico por las m\u00e1s de 800 escuelas inscritas, lo que\nequivali\u00f3 al 25 por ciento de todas las que participaron en M\u00e9xico y que fue\n1.6 veces mayor al total de escuelas inscritas en los pa\u00edses de Latinoam\u00e9rica,\nexcluyendo M\u00e9xico.<\/p>\n\n\n\n<p>El foro tuvo como objetivo compartir\nacciones concretas, programas educativos y pol\u00edticas p\u00fablicas enfocadas a\nlograr una educaci\u00f3n ambiental para la sostenibilidad, participaron varias\nvoces de la sociedad civil y autoridades, quienes compartieron diferentes\nenfoques sobre c\u00f3mo incorporar la educaci\u00f3n en el cambio clim\u00e1tico como parte\ndel contenido educativo en los diferentes niveles. <\/p>\n\n\n\n<p>Asimismo, en el marco de la COP26, el\ngobernador Fayad anunci\u00f3 5 compromisos en materia de cambio clim\u00e1tico: 1) en 7 a\u00f1os debemos resarcir al 100% la deforestaci\u00f3n de\nHidalgo; 2) en 10 a\u00f1os debemos ser el principal productor de veh\u00edculos\nel\u00e9ctricos en Am\u00e9rica Latina; 3) en 10 a\u00f1os nuestro transporte p\u00fablico masivo\ndeber\u00e1 ser sustentable; 4) en 20 a\u00f1os debemos resarcir el pasivo ambiental de\nTula y 5) en 20 a\u00f1os deberemos recuperar los acu\u00edferos del estado. <\/p>\n\n\n\n<p>Asimismo, dio a conocer que se trabaja\nen una pol\u00edtica p\u00fablica integral para el fortalecimiento del acu\u00edfero de la\nlaguna de Tecocomulco, en donde participa el gobierno brit\u00e1nico y el alem\u00e1n, la\nUniversidad de Harvard, el Tecnol\u00f3gico de Massachusetts, Grupo Modelo y el\ngobierno hidalguense, la cual tendr\u00e1 un alcance sin precedentes.<\/p>\n","protected":false},"excerpt":{"rendered":"<p>Escocia.- En el marco de la Conferencia de las Naciones Unidas sobre el Cambio Clim\u00e1tico COP26, el esfuerzo m\u00e1s importante a nivel internacional en la materia, que se desarrolla en Glasgow, Escocia y donde participan mandatarios, organizaciones no gubernamentales y l\u00edderes de todo el mundo; el gobernador Omar Fayad fue reconocido por los esfuerzos realizados<\/p>\n","protected":false},"author":2,"featured_media":44321,"comment_status":"open","ping_status":"closed","sticky":false,"template":"","format":"standard","meta":{"footnotes":""},"categories":[10],"tags":[],"class_list":{"0":"post-44320","1":"post","2":"type-post","3":"status-publish","4":"format-standard","5":"has-post-thumbnail","7":"category-hidalgo"},"_links":{"self":[{"href":"https:\/\/elreporterohgo.com\/noticias\/wp-json\/wp\/v2\/posts\/44320","targetHints":{"allow":["GET"]}}],"collection":[{"href":"https:\/\/elreporterohgo.com\/noticias\/wp-json\/wp\/v2\/posts"}],"about":[{"href":"https:\/\/elreporterohgo.com\/noticias\/wp-json\/wp\/v2\/types\/post"}],"author":[{"embeddable":true,"href":"https:\/\/elreporterohgo.com\/noticias\/wp-json\/wp\/v2\/users\/2"}],"replies":[{"embeddable":true,"href":"https:\/\/elreporterohgo.com\/noticias\/wp-json\/wp\/v2\/comments?post=44320"}],"version-history":[{"count":1,"href":"https:\/\/elreporterohgo.com\/noticias\/wp-json\/wp\/v2\/posts\/44320\/revisions"}],"predecessor-version":[{"id":44322,"href":"https:\/\/elreporterohgo.com\/noticias\/wp-json\/wp\/v2\/posts\/44320\/revisions\/44322"}],"wp:featuredmedia":[{"embeddable":true,"href":"https:\/\/elreporterohgo.com\/noticias\/wp-json\/wp\/v2\/media\/44321"}],"wp:attachment":[{"href":"https:\/\/elreporterohgo.com\/noticias\/wp-json\/wp\/v2\/media?parent=44320"}],"wp:term":[{"taxonomy":"category","embeddable":true,"href":"https:\/\/elreporterohgo.com\/noticias\/wp-json\/wp\/v2\/categories?post=44320"},{"taxonomy":"post_tag","embeddable":true,"href":"https:\/\/elreporterohgo.com\/noticias\/wp-json\/wp\/v2\/tags?post=44320"}],"curies":[{"name":"wp","href":"https:\/\/api.w.org\/{rel}","templated":true}]}}