{"id":44286,"date":"2021-11-06T18:05:39","date_gmt":"2021-11-07T00:05:39","guid":{"rendered":"https:\/\/elreporterohgo.com\/noticias\/?p=44286"},"modified":"2021-11-06T18:55:27","modified_gmt":"2021-11-07T00:55:27","slug":"jose-ramon-amieva-sera-militante-e-morena","status":"publish","type":"post","link":"https:\/\/elreporterohgo.com\/noticias\/2021\/11\/06\/jose-ramon-amieva-sera-militante-e-morena\/","title":{"rendered":"Jos\u00e9 Ram\u00f3n Amieva ser\u00e1 militante de Morena"},"content":{"rendered":"\n<figure class=\"wp-block-image\"><img fetchpriority=\"high\" decoding=\"async\" width=\"864\" height=\"832\" src=\"https::\/\/elreporterohgo.com\/noticias\/wp-content\/uploads\/2021\/11\/19fcfed8-471a-431e-95a9-f15034088cef-2.jpg\" alt=\"\" class=\"wp-image-44288\" srcset=\"https:\/\/elreporterohgo.com\/noticias\/wp-content\/uploads\/2021\/11\/19fcfed8-471a-431e-95a9-f15034088cef-2.jpg 864w, https:\/\/elreporterohgo.com\/noticias\/wp-content\/uploads\/2021\/11\/19fcfed8-471a-431e-95a9-f15034088cef-2-300x289.jpg 300w, https:\/\/elreporterohgo.com\/noticias\/wp-content\/uploads\/2021\/11\/19fcfed8-471a-431e-95a9-f15034088cef-2-768x740.jpg 768w\" sizes=\"(max-width: 864px) 100vw, 864px\" \/><\/figure>\n\n\n\n<p>Uno de los pol\u00edticos m\u00e1s preparados en Hidalgo<\/p>\n\n\n\n<p>Por Juan Sabino Cruz<\/p>\n\n\n\n<p>MIXQUIAHUALA, Hgo.- Jos\u00e9 Ram\u00f3n Amieva G\u00e1lvez, hombre con gran\ntrayectoria pol\u00edtica que, sin estar afiliado a alg\u00fan partido pol\u00edtico, logr\u00f3\ndesempe\u00f1ar importantes cargos p\u00fablicos como gobernar interinamente la Ciudad de\nM\u00e9xico, una de las m\u00e1s grandes del mundo, ahora por convicci\u00f3n ha solicitado su\ningres\u00f3 a Morena.<\/p>\n\n\n\n<p>Amieva G\u00e1lvez, hombre preparado con doctorado en derecho, actual\nPresidente Municipal de Morena en &nbsp;Mixquiahuala\nde Ju\u00e1rez, Hidalgo, firm\u00f3 oficialmente su carta de solicitud de afiliaci\u00f3n al\nPartido Movimiento Regeneraci\u00f3n Nacional (MORENA).<\/p>\n\n\n\n<p>Debe quedar claro que Jos\u00e9 Ram\u00f3n Amieva compiti\u00f3 y gan\u00f3 la alcald\u00eda\ncomo simpatizante de la ideolog\u00eda&nbsp;\nMorenista, lo anterior en virtud que las afiliaciones estuvieron\nsuspendidas.<\/p>\n\n\n\n<p>Ahora su solicitud a formar parte del partido que lo llev\u00f3 a\ngobernar Mixquiahuala fue presentada ante el Comit\u00e9 Municipal y con el apoyo de\nlos coordinadores operativos territoriales Manuel L\u00f3pez P\u00e9rez y Guillermo\nGarc\u00eda Valdez.<\/p>\n\n\n\n<p>CONGRUENCIA EN EL DECIR Y ACTUAR<\/p>\n\n\n\n<p>Amieva G\u00e1lvez ha conquistado muchos cargos en la pol\u00edtica nacional,\nsin que haya estado afiliado a alg\u00fan partido pol\u00edtico, pues siempre ha\nexpresado que se afiliar\u00eda al que coincidiera con la ideolog\u00eda que ha regido su\nvida y estos son los valores \u00e9ticos y morales.<\/p>\n\n\n\n<p>Refiri\u00f3 que lo anterior lo ha encontrado en MORENA, pues propone una alternativa real a la sociedad para alcanzar la democracia y gobiernos honestos con la prioridad de mejorar la calidad de vida de los mexicanos.<\/p>\n\n\n\n<figure class=\"wp-block-image\"><img decoding=\"async\" width=\"1024\" height=\"960\" src=\"https::\/\/elreporterohgo.com\/noticias\/wp-content\/uploads\/2021\/11\/b3c2093a-5ca3-44cb-b307-8f8e712398d5-1024x960.jpg\" alt=\"\" class=\"wp-image-44289\" srcset=\"https:\/\/elreporterohgo.com\/noticias\/wp-content\/uploads\/2021\/11\/b3c2093a-5ca3-44cb-b307-8f8e712398d5-1024x960.jpg 1024w, https:\/\/elreporterohgo.com\/noticias\/wp-content\/uploads\/2021\/11\/b3c2093a-5ca3-44cb-b307-8f8e712398d5-300x281.jpg 300w, https:\/\/elreporterohgo.com\/noticias\/wp-content\/uploads\/2021\/11\/b3c2093a-5ca3-44cb-b307-8f8e712398d5-768x720.jpg 768w, https:\/\/elreporterohgo.com\/noticias\/wp-content\/uploads\/2021\/11\/b3c2093a-5ca3-44cb-b307-8f8e712398d5.jpg 1080w\" sizes=\"(max-width: 1024px) 100vw, 1024px\" \/><\/figure>\n","protected":false},"excerpt":{"rendered":"<p>Uno de los pol\u00edticos m\u00e1s preparados en Hidalgo Por Juan Sabino Cruz MIXQUIAHUALA, Hgo.- Jos\u00e9 Ram\u00f3n Amieva G\u00e1lvez, hombre con gran trayectoria pol\u00edtica que, sin estar afiliado a alg\u00fan partido pol\u00edtico, logr\u00f3 desempe\u00f1ar importantes cargos p\u00fablicos como gobernar interinamente la Ciudad de M\u00e9xico, una de las m\u00e1s grandes del mundo, ahora por convicci\u00f3n ha solicitado<\/p>\n","protected":false},"author":2,"featured_media":44288,"comment_status":"open","ping_status":"closed","sticky":false,"template":"","format":"standard","meta":{"footnotes":""},"categories":[10],"tags":[],"class_list":{"0":"post-44286","1":"post","2":"type-post","3":"status-publish","4":"format-standard","5":"has-post-thumbnail","7":"category-hidalgo"},"_links":{"self":[{"href":"https:\/\/elreporterohgo.com\/noticias\/wp-json\/wp\/v2\/posts\/44286","targetHints":{"allow":["GET"]}}],"collection":[{"href":"https:\/\/elreporterohgo.com\/noticias\/wp-json\/wp\/v2\/posts"}],"about":[{"href":"https:\/\/elreporterohgo.com\/noticias\/wp-json\/wp\/v2\/types\/post"}],"author":[{"embeddable":true,"href":"https:\/\/elreporterohgo.com\/noticias\/wp-json\/wp\/v2\/users\/2"}],"replies":[{"embeddable":true,"href":"https:\/\/elreporterohgo.com\/noticias\/wp-json\/wp\/v2\/comments?post=44286"}],"version-history":[{"count":2,"href":"https:\/\/elreporterohgo.com\/noticias\/wp-json\/wp\/v2\/posts\/44286\/revisions"}],"predecessor-version":[{"id":44291,"href":"https:\/\/elreporterohgo.com\/noticias\/wp-json\/wp\/v2\/posts\/44286\/revisions\/44291"}],"wp:featuredmedia":[{"embeddable":true,"href":"https:\/\/elreporterohgo.com\/noticias\/wp-json\/wp\/v2\/media\/44288"}],"wp:attachment":[{"href":"https:\/\/elreporterohgo.com\/noticias\/wp-json\/wp\/v2\/media?parent=44286"}],"wp:term":[{"taxonomy":"category","embeddable":true,"href":"https:\/\/elreporterohgo.com\/noticias\/wp-json\/wp\/v2\/categories?post=44286"},{"taxonomy":"post_tag","embeddable":true,"href":"https:\/\/elreporterohgo.com\/noticias\/wp-json\/wp\/v2\/tags?post=44286"}],"curies":[{"name":"wp","href":"https:\/\/api.w.org\/{rel}","templated":true}]}}