{"id":44243,"date":"2021-11-05T11:17:05","date_gmt":"2021-11-05T17:17:05","guid":{"rendered":"https:\/\/elreporterohgo.com\/noticias\/?p=44243"},"modified":"2021-11-05T11:17:06","modified_gmt":"2021-11-05T17:17:06","slug":"muestra-gastronomica-rana-y-sabor","status":"publish","type":"post","link":"https:\/\/elreporterohgo.com\/noticias\/2021\/11\/05\/muestra-gastronomica-rana-y-sabor\/","title":{"rendered":"Muestra Gastron\u00f3mica \u00abRana y Sabor\u00bb"},"content":{"rendered":"\n<figure class=\"wp-block-image\"><img fetchpriority=\"high\" decoding=\"async\" width=\"535\" height=\"409\" src=\"https::\/\/elreporterohgo.com\/noticias\/wp-content\/uploads\/2021\/11\/7O2XXVD2BJGJ7ILPMJ7G4GBYMU-2.jpg\" alt=\"\" class=\"wp-image-44244\" srcset=\"https:\/\/elreporterohgo.com\/noticias\/wp-content\/uploads\/2021\/11\/7O2XXVD2BJGJ7ILPMJ7G4GBYMU-2.jpg 535w, https:\/\/elreporterohgo.com\/noticias\/wp-content\/uploads\/2021\/11\/7O2XXVD2BJGJ7ILPMJ7G4GBYMU-2-300x229.jpg 300w\" sizes=\"(max-width: 535px) 100vw, 535px\" \/><\/figure>\n\n\n\n<figure class=\"wp-block-image\"><img decoding=\"async\" width=\"1024\" height=\"1024\" src=\"https::\/\/elreporterohgo.com\/noticias\/wp-content\/uploads\/2021\/11\/252593568_286041580086670_8615777809792642681_n-1024x1024.jpg\" alt=\"\" class=\"wp-image-44245\" srcset=\"https:\/\/elreporterohgo.com\/noticias\/wp-content\/uploads\/2021\/11\/252593568_286041580086670_8615777809792642681_n-1024x1024.jpg 1024w, https:\/\/elreporterohgo.com\/noticias\/wp-content\/uploads\/2021\/11\/252593568_286041580086670_8615777809792642681_n-150x150.jpg 150w, https:\/\/elreporterohgo.com\/noticias\/wp-content\/uploads\/2021\/11\/252593568_286041580086670_8615777809792642681_n-300x300.jpg 300w, https:\/\/elreporterohgo.com\/noticias\/wp-content\/uploads\/2021\/11\/252593568_286041580086670_8615777809792642681_n-768x768.jpg 768w, https:\/\/elreporterohgo.com\/noticias\/wp-content\/uploads\/2021\/11\/252593568_286041580086670_8615777809792642681_n-160x160.jpg 160w, https:\/\/elreporterohgo.com\/noticias\/wp-content\/uploads\/2021\/11\/252593568_286041580086670_8615777809792642681_n.jpg 2048w\" sizes=\"(max-width: 1024px) 100vw, 1024px\" \/><\/figure>\n\n\n\n<p>Invitan a los habitantes de Tepeapulco y la regi\u00f3n<\/p>\n\n\n\n<p>Por Gerardo Sol<\/p>\n\n\n\n<p>TEPEAPULCO, Hgo. &#8211;&nbsp; En\npunto del medio d\u00eda de hoy, dar\u00e1 inicio la exquisita muestra gastron\u00f3mica \u00abRana\ny Sabor\u00bb, misma que se realiza en la antigua Plaza da Toros en el centro\nde Tepeapulco.<\/p>\n\n\n\n<p>Personal de Turismo Municipal dio a conocer que la alcaldesa\nMarisol Ortega L\u00f3pez y los integrantes del Ayuntamiento apoyaron en realizar la\nactividad para exponer los atractivos y atraer visitantes a Tepeapulco que es\nun pueblo lleno de tradici\u00f3n, sabor y cultura.<\/p>\n\n\n\n<p>A las 12 horas de hoy, teniendo como escenario la antigua\nPla de Toros de Tepeapulco, se llevara a cabo el evento \u00abRana y\nSabor\u00bb, incitan a la poblaci\u00f3n en general a asistir y conocer los\natractivos del municipio.<\/p>\n\n\n\n<p>Reiteran que el objetivo de la muestra gastron\u00f3mica es\ndifundir y promover la gastronom\u00eda de nuestra regi\u00f3n, los platillos son\npreparados por restauranteros del Municipio, pues adem\u00e1s se impulsa la econom\u00eda\nlocal.<\/p>\n\n\n\n<p>Ahora el ingrediente principal de los platillos son las\nancas de rana, comida prehisp\u00e1nica tradicional de nuestro Municipio.<\/p>\n\n\n\n<p><a href=\"https:s:\/\/www.facebook.com\/hashtag\/tepeapulco?__eep__=6&amp;__cft__%5b0%5d=AZXc6uBiBTYSONvDpwDpokL1_df3sefD7DOG1jULHcP5e5li-b9JQD4YXgGx9qLGUST3_BaP_OtRgkbzv-69z9UdKpSjNBOSoaNt5_zqcTWbtGSImHhLgqKU44K3lHYEQmlcU_DUtMHhKppg6HBkSuuV&amp;__tn__=*NK-R\">#Tepeapulco<\/a>\n<\/p>\n\n\n\n<p><a href=\"https:s:\/\/www.facebook.com\/hashtag\/corazondelaltiplano?__eep__=6&amp;__cft__%5b0%5d=AZXc6uBiBTYSONvDpwDpokL1_df3sefD7DOG1jULHcP5e5li-b9JQD4YXgGx9qLGUST3_BaP_OtRgkbzv-69z9UdKpSjNBOSoaNt5_zqcTWbtGSImHhLgqKU44K3lHYEQmlcU_DUtMHhKppg6HBkSuuV&amp;__tn__=*NK-R\">#CorazonDelAltiplano<\/a>\n<\/p>\n\n\n\n<p><a href=\"https:s:\/\/www.facebook.com\/hashtag\/juntosesm%C3%A1sf%C3%A1cil?__eep__=6&amp;__cft__%5b0%5d=AZXc6uBiBTYSONvDpwDpokL1_df3sefD7DOG1jULHcP5e5li-b9JQD4YXgGx9qLGUST3_BaP_OtRgkbzv-69z9UdKpSjNBOSoaNt5_zqcTWbtGSImHhLgqKU44K3lHYEQmlcU_DUtMHhKppg6HBkSuuV&amp;__tn__=*NK-R\">#JuntosEsM\u00e1sF\u00e1cil<\/a><\/p>\n\n\n\n<p><a href=\"https:s:\/\/www.facebook.com\/hashtag\/estamostransformandotepeapulco?__eep__=6&amp;__cft__%5b0%5d=AZXc6uBiBTYSONvDpwDpokL1_df3sefD7DOG1jULHcP5e5li-b9JQD4YXgGx9qLGUST3_BaP_OtRgkbzv-69z9UdKpSjNBOSoaNt5_zqcTWbtGSImHhLgqKU44K3lHYEQmlcU_DUtMHhKppg6HBkSuuV&amp;__tn__=*NK-R\">#EstamosTransformandoTepeapulco<\/a><\/p>\n","protected":false},"excerpt":{"rendered":"<p>Invitan a los habitantes de Tepeapulco y la regi\u00f3n Por Gerardo Sol TEPEAPULCO, Hgo. &#8211;&nbsp; En punto del medio d\u00eda de hoy, dar\u00e1 inicio la exquisita muestra gastron\u00f3mica \u00abRana y Sabor\u00bb, misma que se realiza en la antigua Plaza da Toros en el centro de Tepeapulco. Personal de Turismo Municipal dio a conocer que la<\/p>\n","protected":false},"author":2,"featured_media":44244,"comment_status":"open","ping_status":"closed","sticky":false,"template":"","format":"standard","meta":{"footnotes":""},"categories":[10],"tags":[],"class_list":{"0":"post-44243","1":"post","2":"type-post","3":"status-publish","4":"format-standard","5":"has-post-thumbnail","7":"category-hidalgo"},"_links":{"self":[{"href":"https:\/\/elreporterohgo.com\/noticias\/wp-json\/wp\/v2\/posts\/44243","targetHints":{"allow":["GET"]}}],"collection":[{"href":"https:\/\/elreporterohgo.com\/noticias\/wp-json\/wp\/v2\/posts"}],"about":[{"href":"https:\/\/elreporterohgo.com\/noticias\/wp-json\/wp\/v2\/types\/post"}],"author":[{"embeddable":true,"href":"https:\/\/elreporterohgo.com\/noticias\/wp-json\/wp\/v2\/users\/2"}],"replies":[{"embeddable":true,"href":"https:\/\/elreporterohgo.com\/noticias\/wp-json\/wp\/v2\/comments?post=44243"}],"version-history":[{"count":1,"href":"https:\/\/elreporterohgo.com\/noticias\/wp-json\/wp\/v2\/posts\/44243\/revisions"}],"predecessor-version":[{"id":44246,"href":"https:\/\/elreporterohgo.com\/noticias\/wp-json\/wp\/v2\/posts\/44243\/revisions\/44246"}],"wp:featuredmedia":[{"embeddable":true,"href":"https:\/\/elreporterohgo.com\/noticias\/wp-json\/wp\/v2\/media\/44244"}],"wp:attachment":[{"href":"https:\/\/elreporterohgo.com\/noticias\/wp-json\/wp\/v2\/media?parent=44243"}],"wp:term":[{"taxonomy":"category","embeddable":true,"href":"https:\/\/elreporterohgo.com\/noticias\/wp-json\/wp\/v2\/categories?post=44243"},{"taxonomy":"post_tag","embeddable":true,"href":"https:\/\/elreporterohgo.com\/noticias\/wp-json\/wp\/v2\/tags?post=44243"}],"curies":[{"name":"wp","href":"https:\/\/api.w.org\/{rel}","templated":true}]}}