{"id":44185,"date":"2021-11-04T04:19:13","date_gmt":"2021-11-04T10:19:13","guid":{"rendered":"https:\/\/elreporterohgo.com\/noticias\/?p=44185"},"modified":"2021-11-04T04:19:50","modified_gmt":"2021-11-04T10:19:50","slug":"capacitaron-a-unidades-de-proteccion-civil-municipales","status":"publish","type":"post","link":"https:\/\/elreporterohgo.com\/noticias\/2021\/11\/04\/capacitaron-a-unidades-de-proteccion-civil-municipales\/","title":{"rendered":"Capacitaron a unidades de protecci\u00f3n civil municipales"},"content":{"rendered":"\n<p><strong> <\/strong><\/p>\n\n\n\n<figure class=\"wp-block-image\"><img fetchpriority=\"high\" decoding=\"async\" width=\"1024\" height=\"711\" src=\"https::\/\/elreporterohgo.com\/noticias\/wp-content\/uploads\/2021\/11\/00amb-2-1024x711.jpg\" alt=\"\" class=\"wp-image-44186\" srcset=\"https:\/\/elreporterohgo.com\/noticias\/wp-content\/uploads\/2021\/11\/00amb-2-1024x711.jpg 1024w, https:\/\/elreporterohgo.com\/noticias\/wp-content\/uploads\/2021\/11\/00amb-2-300x208.jpg 300w, https:\/\/elreporterohgo.com\/noticias\/wp-content\/uploads\/2021\/11\/00amb-2-768x533.jpg 768w, https:\/\/elreporterohgo.com\/noticias\/wp-content\/uploads\/2021\/11\/00amb-2.jpg 1501w\" sizes=\"(max-width: 1024px) 100vw, 1024px\" \/><\/figure>\n\n\n\n<p>El\ngobierno de Hidalgo recibi\u00f3 de <a>la empresa TC Energ\u00eda una\nUnidad Ligera de Respuesta a Emergencias<\/a> que ayudar\u00e1 a fortalecer las\nlabores de los cuerpos de respuesta a incidentes en el estado.<\/p>\n\n\n\n<p>El\nsecretario de Gobierno, Sim\u00f3n Vargas Aguilar, en representaci\u00f3n del gobernador\nOmar Fayad, agradeci\u00f3 a Jennifer Pierce, presidenta de TC Energ\u00eda tanto la\ndonaci\u00f3n del veh\u00edculo, como la que recientemente hizo por un mill\u00f3n de pesos al\nSistema DIF Hidalgo, as\u00ed como al municipio de Tula en apoyo a las inundaciones\nsuscitadas el mes pasado.<\/p>\n\n\n\n<p>La\ndonaci\u00f3n de esta unidad, con costo aproximado de 3.5 millones de pesos, se\npresent\u00f3 en el marco de la capacitaci\u00f3n de \u201cManejo de emergencias en\ngasoductos\u201d que la compa\u00f1\u00eda, a trav\u00e9s de la Asociaci\u00f3n Internacional de jefes\nde Bomberos, brinda a integrantes de las unidades de protecci\u00f3n civil\nmunicipales, por gesti\u00f3n del gobierno hidalguense en seguimiento al programa de\ncapacitaciones que el gobernador Omar Fayad ha dispuesto para la coordinaci\u00f3n\ncon los 84 ayuntamientos.<\/p>\n\n\n\n<p>Vargas\nAguilar asegur\u00f3 que: el gobierno de Omar Fayad se propuso brindar las\nfacilidades y el panorama \u00f3ptimo para atraer inversiones de empresas tanto\nextranjeras como nacionales y que se ha trabajado coordinadamente con ellos en\nbeneficio de Hidalgo; en ese sentido recalc\u00f3 que se deben tomar en cuenta dos\nrubros esenciales para brindar confianza a inversionistas y empresarios:<\/p>\n\n\n\n<ul class=\"wp-block-list\"><li>Tener\nun gobierno transparente, moderno, eficaz y honesto con una administraci\u00f3n\nclara y responsable de los recursos p\u00fablicos, como la que ha caracterizado a la\nadministraci\u00f3n de Omar Fayad;<\/li><\/ul>\n\n\n\n<ul class=\"wp-block-list\"><li>Y\ntener una entidad donde prevalezca la seguridad de la poblaci\u00f3n, la\ntranquilidad y estabilidad social, y sobre todo el \u00edndice de paz y el Estado de\nDerecho; aspectos que se refuerzan a trav\u00e9s de estos cursos de capacitaci\u00f3n a\nmiembros de las unidades de protecci\u00f3n civil para salvaguardar a la poblaci\u00f3n.<\/li><\/ul>\n\n\n\n<p>En\nsu intervenci\u00f3n Jennifer Pierce, destac\u00f3: \u201ca los representantes del gobierno\ndel estado, les quiero agradecer, muy sinceramente, por su apoyo a nuestro\nproyecto y por nuestra relaci\u00f3n y colaboraci\u00f3n. Nuestro compromiso con Hidalgo\ny con M\u00e9xico es fuerte. Muchas comunidades en el estado de Hidalgo las sentimos\ntambi\u00e9n como nuestras\u201d.<\/p>\n\n\n\n<p>As\u00ed\nmismo, Enrique Padilla Hern\u00e1ndez, subsecretario de Protecci\u00f3n Civil y Gesti\u00f3n\nde Riesgos en la entidad, subray\u00f3 la importancia de estos cursos pues \u201ces vital\nconocer a qu\u00e9 estamos expuestos y qu\u00e9 capacidad tenemos para responder ante una\nemergencia; para salvaguardar la integridad y la salud de las personas ante un\nriesgo\u201d.<\/p>\n\n\n\n<p>En\nel evento tambi\u00e9n entreg\u00f3 de manera simb\u00f3lica los cheques a cuatro\nbeneficiarios del programa de becas de TC Energ\u00eda. Cabe destacar que, de las\n500 becas otorgadas por la compa\u00f1\u00eda en este a\u00f1o, 110 fueron para j\u00f3venes\nhidalguenses, lo que equivale aproximadamente a dos millones de pesos.<\/p>\n","protected":false},"excerpt":{"rendered":"<p>El gobierno de Hidalgo recibi\u00f3 de la empresa TC Energ\u00eda una Unidad Ligera de Respuesta a Emergencias que ayudar\u00e1 a fortalecer las labores de los cuerpos de respuesta a incidentes en el estado. El secretario de Gobierno, Sim\u00f3n Vargas Aguilar, en representaci\u00f3n del gobernador Omar Fayad, agradeci\u00f3 a Jennifer Pierce, presidenta de TC Energ\u00eda tanto<\/p>\n","protected":false},"author":2,"featured_media":44186,"comment_status":"open","ping_status":"closed","sticky":false,"template":"","format":"standard","meta":{"footnotes":""},"categories":[10],"tags":[],"class_list":{"0":"post-44185","1":"post","2":"type-post","3":"status-publish","4":"format-standard","5":"has-post-thumbnail","7":"category-hidalgo"},"_links":{"self":[{"href":"https:\/\/elreporterohgo.com\/noticias\/wp-json\/wp\/v2\/posts\/44185","targetHints":{"allow":["GET"]}}],"collection":[{"href":"https:\/\/elreporterohgo.com\/noticias\/wp-json\/wp\/v2\/posts"}],"about":[{"href":"https:\/\/elreporterohgo.com\/noticias\/wp-json\/wp\/v2\/types\/post"}],"author":[{"embeddable":true,"href":"https:\/\/elreporterohgo.com\/noticias\/wp-json\/wp\/v2\/users\/2"}],"replies":[{"embeddable":true,"href":"https:\/\/elreporterohgo.com\/noticias\/wp-json\/wp\/v2\/comments?post=44185"}],"version-history":[{"count":2,"href":"https:\/\/elreporterohgo.com\/noticias\/wp-json\/wp\/v2\/posts\/44185\/revisions"}],"predecessor-version":[{"id":44188,"href":"https:\/\/elreporterohgo.com\/noticias\/wp-json\/wp\/v2\/posts\/44185\/revisions\/44188"}],"wp:featuredmedia":[{"embeddable":true,"href":"https:\/\/elreporterohgo.com\/noticias\/wp-json\/wp\/v2\/media\/44186"}],"wp:attachment":[{"href":"https:\/\/elreporterohgo.com\/noticias\/wp-json\/wp\/v2\/media?parent=44185"}],"wp:term":[{"taxonomy":"category","embeddable":true,"href":"https:\/\/elreporterohgo.com\/noticias\/wp-json\/wp\/v2\/categories?post=44185"},{"taxonomy":"post_tag","embeddable":true,"href":"https:\/\/elreporterohgo.com\/noticias\/wp-json\/wp\/v2\/tags?post=44185"}],"curies":[{"name":"wp","href":"https:\/\/api.w.org\/{rel}","templated":true}]}}