{"id":44182,"date":"2021-11-04T04:03:56","date_gmt":"2021-11-04T10:03:56","guid":{"rendered":"https:\/\/elreporterohgo.com\/noticias\/?p=44182"},"modified":"2021-11-04T04:03:58","modified_gmt":"2021-11-04T10:03:58","slug":"inicia-operaciones-el-centro-de-conciliacion-laboral-en-hidalgo","status":"publish","type":"post","link":"https:\/\/elreporterohgo.com\/noticias\/2021\/11\/04\/inicia-operaciones-el-centro-de-conciliacion-laboral-en-hidalgo\/","title":{"rendered":"Inicia operaciones el Centro de Conciliaci\u00f3n Laboral en Hidalgo"},"content":{"rendered":"\n<figure class=\"wp-block-image\"><img fetchpriority=\"high\" decoding=\"async\" width=\"1024\" height=\"731\" src=\"https::\/\/elreporterohgo.com\/noticias\/wp-content\/uploads\/2021\/11\/000comciliacion-2-1024x731.jpg\" alt=\"\" class=\"wp-image-44183\" srcset=\"https:\/\/elreporterohgo.com\/noticias\/wp-content\/uploads\/2021\/11\/000comciliacion-2-1024x731.jpg 1024w, https:\/\/elreporterohgo.com\/noticias\/wp-content\/uploads\/2021\/11\/000comciliacion-2-300x214.jpg 300w, https:\/\/elreporterohgo.com\/noticias\/wp-content\/uploads\/2021\/11\/000comciliacion-2-768x548.jpg 768w, https:\/\/elreporterohgo.com\/noticias\/wp-content\/uploads\/2021\/11\/000comciliacion-2.jpg 1282w\" sizes=\"(max-width: 1024px) 100vw, 1024px\" \/><\/figure>\n\n\n\n<p><strong>Reforma Laboral en Hidalgo es realidad<\/strong><\/p>\n\n\n\n<p>Pachuca, Hgo.- Con el inicio de funciones del Centro de Conciliaci\u00f3n Laboral del\nEstado de Hidalgo (CCLEH) entra en vigor la Reforma Laboral a nivel local, por\nlo que ahora los conflictos obrero patronales se resolver\u00e1n de manera eficiente\ny r\u00e1pida, a trav\u00e9s de una conciliaci\u00f3n t\u00e9cnica, met\u00f3dica y profesional, se\u00f1al\u00f3\nla Secretaria del Trabajo, Mar\u00eda de los \u00c1ngeles Eguiluz Tapia.<\/p>\n\n\n\n<p>La Reforma Laboral tiene como objetivo lograr que\nla justicia laboral sea m\u00e1s eficiente y r\u00e1pida, ya que los diferendos entre\ntrabajadores y patrones, deber\u00e1n resolverse en 45 d\u00edas a trav\u00e9s del dialogo,\nse\u00f1al\u00f3 la encargada de la pol\u00edtica laboral estatal.<\/p>\n\n\n\n<p>\u201cNuestra meta, es que logremos solucionar por medio\nesta instancia prejudicial por lo menos el 80 por ciento de las solicitudes que\nse presenten y evitar que los asuntos lleguen al Tribunal Laboral,\u201d expres\u00f3 la\nsecretaria del trabajo.<\/p>\n\n\n\n<p>En caso de que no sea posible resolver las\ncontroversias, los asuntos ser\u00e1n remitidos al nuevo Tribunal Laboral, que\ndepende del Poder Judicial del Estado de Hidalgo, para que un Juez los analice\ny dicte resoluci\u00f3n, se\u00f1al\u00f3.<\/p>\n\n\n\n<p>Fue precisamente la visi\u00f3n de nuestro Gobernador Omar\nFayad la que permiti\u00f3 que en Hidalgo se materializara el Nuevo Sistema de\nImpartici\u00f3n de Justicia Laboral, convencido de que este nuevo modelo que\nconstruye acuerdos a trav\u00e9s del di\u00e1logo, ocasionar\u00e1 que la entidad sea a\u00fan m\u00e1s\natractiva para los inversionistas de M\u00e9xico y el mundo, por lo que se ha\ndecidido crear un proyecto \u00fanico en el pa\u00eds denominado \u201cCiudad Laboral\u201d, el\ncual ser\u00e1 una realidad subray\u00f3 Eguiluz Tapia.<\/p>\n\n\n\n<p>El secretario de Gobierno, Sim\u00f3n Vargas Aguilar,\nquien acudi\u00f3 en representaci\u00f3n del gobernador Omar Fayad, mencion\u00f3 que los\ngobiernos deben desarrollar nuevos modelos sociales para garantizar los\nderechos de las y los trabajadores. En ese sentido, asegur\u00f3: \u201cel nuevo sistema\nde justicia laboral nos insta a enfocarnos en la transparencia para generar\nsinergia con la poblaci\u00f3n.\u201d<\/p>\n\n\n\n<p>Refiri\u00f3 que hoy en d\u00eda la justicia laboral se\nencuentra estrechamente asociada con tres aspectos fundamentales: la equidad;\nlos individuos como miembros de la comunidad en relaci\u00f3n con el respeto; el\npropio y el mutuo; y la necesidad de seguridad<\/p>\n\n\n\n<p>Asimismo la titular de la STPSH agradeci\u00f3 el\nacompa\u00f1amiento otorgado a las autoridades de la Secretar\u00eda del Trabajo y\nPrevisi\u00f3n Social del Gobierno de M\u00e9xico, con el liderazgo e \u00edmpetu de la\ntitular Luisa Mar\u00eda Alcalde.<\/p>\n\n\n\n<p>Por su parte Ana Mar\u00eda G\u00f3mez Mu\u00f1oz, Encargada del\nDespacho del CCLEH, puntualiz\u00f3 que la implementaci\u00f3n del Nuevo Sistema de\nImpartici\u00f3n de Justicia Laboral establece una novedosa instancia prejudicial\nobligatoria, en la que trabajadores y empleadores tendr\u00e1n que acudir a un\ncentro de conciliaci\u00f3n para solucionar los conflictos a trav\u00e9s de acuerdos,\nmecanismo que ha tenido gran efectividad en entidades federativas donde ya se\naplica este modelo.<\/p>\n\n\n\n<p>La encargada de la pol\u00edtica laboral en la entidad reconoci\u00f3\nel esfuerzo y el trabajo coordinado con el Poder Judicial del Estado de Hidalgo\na trav\u00e9s de la Magistrada Presidenta del Tribunal Superior de Justicia, Yanet\nHerrera Meneses, as\u00ed como el apoyo otorgado por el Congreso del Estado, que fue\ndeterminante para esta implementaci\u00f3n.<\/p>\n","protected":false},"excerpt":{"rendered":"<p>Reforma Laboral en Hidalgo es realidad Pachuca, Hgo.- Con el inicio de funciones del Centro de Conciliaci\u00f3n Laboral del Estado de Hidalgo (CCLEH) entra en vigor la Reforma Laboral a nivel local, por lo que ahora los conflictos obrero patronales se resolver\u00e1n de manera eficiente y r\u00e1pida, a trav\u00e9s de una conciliaci\u00f3n t\u00e9cnica, met\u00f3dica y<\/p>\n","protected":false},"author":2,"featured_media":44183,"comment_status":"open","ping_status":"closed","sticky":false,"template":"","format":"standard","meta":{"footnotes":""},"categories":[10],"tags":[],"class_list":{"0":"post-44182","1":"post","2":"type-post","3":"status-publish","4":"format-standard","5":"has-post-thumbnail","7":"category-hidalgo"},"_links":{"self":[{"href":"https:\/\/elreporterohgo.com\/noticias\/wp-json\/wp\/v2\/posts\/44182","targetHints":{"allow":["GET"]}}],"collection":[{"href":"https:\/\/elreporterohgo.com\/noticias\/wp-json\/wp\/v2\/posts"}],"about":[{"href":"https:\/\/elreporterohgo.com\/noticias\/wp-json\/wp\/v2\/types\/post"}],"author":[{"embeddable":true,"href":"https:\/\/elreporterohgo.com\/noticias\/wp-json\/wp\/v2\/users\/2"}],"replies":[{"embeddable":true,"href":"https:\/\/elreporterohgo.com\/noticias\/wp-json\/wp\/v2\/comments?post=44182"}],"version-history":[{"count":1,"href":"https:\/\/elreporterohgo.com\/noticias\/wp-json\/wp\/v2\/posts\/44182\/revisions"}],"predecessor-version":[{"id":44184,"href":"https:\/\/elreporterohgo.com\/noticias\/wp-json\/wp\/v2\/posts\/44182\/revisions\/44184"}],"wp:featuredmedia":[{"embeddable":true,"href":"https:\/\/elreporterohgo.com\/noticias\/wp-json\/wp\/v2\/media\/44183"}],"wp:attachment":[{"href":"https:\/\/elreporterohgo.com\/noticias\/wp-json\/wp\/v2\/media?parent=44182"}],"wp:term":[{"taxonomy":"category","embeddable":true,"href":"https:\/\/elreporterohgo.com\/noticias\/wp-json\/wp\/v2\/categories?post=44182"},{"taxonomy":"post_tag","embeddable":true,"href":"https:\/\/elreporterohgo.com\/noticias\/wp-json\/wp\/v2\/tags?post=44182"}],"curies":[{"name":"wp","href":"https:\/\/api.w.org\/{rel}","templated":true}]}}