{"id":44171,"date":"2021-11-03T19:46:34","date_gmt":"2021-11-04T01:46:34","guid":{"rendered":"https:\/\/elreporterohgo.com\/noticias\/?p=44171"},"modified":"2021-11-03T19:46:35","modified_gmt":"2021-11-04T01:46:35","slug":"inicia-funciones-el-tribunal-laboral","status":"publish","type":"post","link":"https:\/\/elreporterohgo.com\/noticias\/2021\/11\/03\/inicia-funciones-el-tribunal-laboral\/","title":{"rendered":"Inicia funciones el Tribunal Laboral"},"content":{"rendered":"\n<p>Hoy Hidalgo inicia la implementaci\u00f3n del Sistema de Justicia Laboral, con la inauguraci\u00f3n de las instalaciones del Tribunal Laboral, se impartir\u00e1 justicia bajo un sistema eminentemente oral, con una fase escrita de demanda y s\u00f3lo dos audiencias, de depuraci\u00f3n y de juicio; se prev\u00e9 resolver los asuntos sometidos a la jurisdicci\u00f3n en un t\u00e9rmino de, m\u00e1ximo 6 meses.<\/p>\n\n\n\n<p>Acompa\u00f1ada del Pleno de Magistrados y Consejeros, la Presidenta del Tribunal Superior de Justicia, Yanet Herrera, dio formal inicio de actividades en los espacios donde habr\u00e1n de laborar 3 jueces, con el personal jurisdiccional y de apoyo administrativo necesario para llevar a buen puerto la justicia laboral.<\/p>\n\n\n\n<figure class=\"wp-block-image\"><img fetchpriority=\"high\" decoding=\"async\" width=\"1024\" height=\"559\" src=\"https::\/\/elreporterohgo.com\/noticias\/wp-content\/uploads\/2021\/11\/2550E06F-EE48-4667-A6B0-9C8AC831C14C-1024x559.jpeg\" alt=\"\" class=\"wp-image-44172\" srcset=\"https:\/\/elreporterohgo.com\/noticias\/wp-content\/uploads\/2021\/11\/2550E06F-EE48-4667-A6B0-9C8AC831C14C-1024x559.jpeg 1024w, https:\/\/elreporterohgo.com\/noticias\/wp-content\/uploads\/2021\/11\/2550E06F-EE48-4667-A6B0-9C8AC831C14C-300x164.jpeg 300w, https:\/\/elreporterohgo.com\/noticias\/wp-content\/uploads\/2021\/11\/2550E06F-EE48-4667-A6B0-9C8AC831C14C-768x419.jpeg 768w, https:\/\/elreporterohgo.com\/noticias\/wp-content\/uploads\/2021\/11\/2550E06F-EE48-4667-A6B0-9C8AC831C14C.jpeg 1280w\" sizes=\"(max-width: 1024px) 100vw, 1024px\" \/><\/figure>\n\n\n\n<p>Al dar su mensaje de inauguraci\u00f3n, expreso: \u00ablleg\u00f3 el momento de mejorar la atenci\u00f3n y resoluci\u00f3n de los conflictos entre trabajadores y patrones, o con los sindicatos, a trav\u00e9s de este nuevo Tribunal Laboral, con el cual, se busca celeridad en la atenci\u00f3n de fondo, con decisiones aut\u00f3nomas e independientes; comprometidos con la igualdad, justicia y los derechos humanos\u00bb.<\/p>\n\n\n\n<p>Indic\u00f3 que el punto neur\u00e1lgico de este sistema es la conciliaci\u00f3n como m\u00e9todo alternativo de atenci\u00f3n a la problem\u00e1tica que, a trav\u00e9s de un facilitador, genera un di\u00e1logo de colaboraci\u00f3n para encontrar una soluci\u00f3n al litigio, un proceso, que para responder a las necesidades reales de la poblaci\u00f3n, deber\u00e1 darse en 45 d\u00edas.<\/p>\n\n\n\n<p>No obstante, subray\u00f3 que el mayor reto, en caso de no lograr la conciliaci\u00f3n, ser\u00e1 cumplir con oportunidad y calidad jur\u00eddica, con conocimientos de vanguardia, el proceso jurisdiccional, por lo que llam\u00f3 al personal a trabajar en la misma sinton\u00eda, con honestidad y excelencia, y transitar hacia este cambio cultural, para lograr la justicia que todos merecemos, una justicia con prontitud, honestidad y transparencia.<\/p>\n","protected":false},"excerpt":{"rendered":"<p>Hoy Hidalgo inicia la implementaci\u00f3n del Sistema de Justicia Laboral, con la inauguraci\u00f3n de las instalaciones del Tribunal Laboral, se impartir\u00e1 justicia bajo un sistema eminentemente oral, con una fase escrita de demanda y s\u00f3lo dos audiencias, de depuraci\u00f3n y de juicio; se prev\u00e9 resolver los asuntos sometidos a la jurisdicci\u00f3n en un t\u00e9rmino de,<\/p>\n","protected":false},"author":2,"featured_media":44172,"comment_status":"open","ping_status":"closed","sticky":false,"template":"","format":"standard","meta":{"footnotes":""},"categories":[10],"tags":[],"class_list":{"0":"post-44171","1":"post","2":"type-post","3":"status-publish","4":"format-standard","5":"has-post-thumbnail","7":"category-hidalgo"},"_links":{"self":[{"href":"https:\/\/elreporterohgo.com\/noticias\/wp-json\/wp\/v2\/posts\/44171","targetHints":{"allow":["GET"]}}],"collection":[{"href":"https:\/\/elreporterohgo.com\/noticias\/wp-json\/wp\/v2\/posts"}],"about":[{"href":"https:\/\/elreporterohgo.com\/noticias\/wp-json\/wp\/v2\/types\/post"}],"author":[{"embeddable":true,"href":"https:\/\/elreporterohgo.com\/noticias\/wp-json\/wp\/v2\/users\/2"}],"replies":[{"embeddable":true,"href":"https:\/\/elreporterohgo.com\/noticias\/wp-json\/wp\/v2\/comments?post=44171"}],"version-history":[{"count":1,"href":"https:\/\/elreporterohgo.com\/noticias\/wp-json\/wp\/v2\/posts\/44171\/revisions"}],"predecessor-version":[{"id":44173,"href":"https:\/\/elreporterohgo.com\/noticias\/wp-json\/wp\/v2\/posts\/44171\/revisions\/44173"}],"wp:featuredmedia":[{"embeddable":true,"href":"https:\/\/elreporterohgo.com\/noticias\/wp-json\/wp\/v2\/media\/44172"}],"wp:attachment":[{"href":"https:\/\/elreporterohgo.com\/noticias\/wp-json\/wp\/v2\/media?parent=44171"}],"wp:term":[{"taxonomy":"category","embeddable":true,"href":"https:\/\/elreporterohgo.com\/noticias\/wp-json\/wp\/v2\/categories?post=44171"},{"taxonomy":"post_tag","embeddable":true,"href":"https:\/\/elreporterohgo.com\/noticias\/wp-json\/wp\/v2\/tags?post=44171"}],"curies":[{"name":"wp","href":"https:\/\/api.w.org\/{rel}","templated":true}]}}