{"id":44114,"date":"2021-10-31T17:06:32","date_gmt":"2021-10-31T23:06:32","guid":{"rendered":"https:\/\/elreporterohgo.com\/noticias\/?p=44114"},"modified":"2021-10-31T17:06:34","modified_gmt":"2021-10-31T23:06:34","slug":"%ef%bb%bfieeh-recibe-a-la-cndh-para-promocion-y-difusion-de-derechos-humanos","status":"publish","type":"post","link":"https:\/\/elreporterohgo.com\/noticias\/2021\/10\/31\/%ef%bb%bfieeh-recibe-a-la-cndh-para-promocion-y-difusion-de-derechos-humanos\/","title":{"rendered":"\ufeffIEEH recibe a la CNDH para Promoci\u00f3n y Difusi\u00f3n de Derechos Humanos"},"content":{"rendered":"\n<figure class=\"wp-block-image\"><img fetchpriority=\"high\" decoding=\"async\" width=\"1024\" height=\"535\" src=\"https::\/\/elreporterohgo.com\/noticias\/wp-content\/uploads\/2021\/10\/2021-B125_2-2-1024x535.jpg\" alt=\"\" class=\"wp-image-44115\" srcset=\"https:\/\/elreporterohgo.com\/noticias\/wp-content\/uploads\/2021\/10\/2021-B125_2-2-1024x535.jpg 1024w, https:\/\/elreporterohgo.com\/noticias\/wp-content\/uploads\/2021\/10\/2021-B125_2-2-300x157.jpg 300w, https:\/\/elreporterohgo.com\/noticias\/wp-content\/uploads\/2021\/10\/2021-B125_2-2-768x401.jpg 768w\" sizes=\"(max-width: 1024px) 100vw, 1024px\" \/><\/figure>\n\n\n\n<p><strong>Dirigido a los Pueblos y Comunidades Ind\u00edgenas<\/strong><\/p>\n\n\n\n<p>Pachuca\nde Soto, Hgo.- Durante\ndos d\u00edas, personal de la Comisi\u00f3n Nacional de Derechos Humanos (CNDH) imparti\u00f3\nuna serie de talleres al personal del Instituto Estatal Electoral de Hidalgo\n(IEEH), como parte de la Jornada de Promoci\u00f3n y Difusi\u00f3n de Derechos Humanos de\nlos Pueblos y Comunidades Ind\u00edgenas, abordando tem\u00e1ticas como sistemas normativos,\ninterculturalidad, g\u00e9nero y derecho a la Consulta de los Pueblos y Comunidades\nInd\u00edgenas, entre otros.<\/p>\n\n\n\n<p>Aurora Urdapilleta\nMorales, Paulo Sergio Mart\u00ednez Sumuano y \u00c1ngel Miguel Cruz Cervantes, personal\nadscrito a la cuarta visitadur\u00eda de la CNDH, impartieron 3 talleres\ndenominados: \u201cIdentidad y Sistemas Normativos de los Pueblos Ind\u00edgenas\u201d,\n\u201cInterculturalidad, G\u00e9nero y DDHH de los Pueblos y Comunidades Ind\u00edgenas\u201d y\n\u201cDerecho a la Consulta de los Pueblos y Comunidades Ind\u00edgenas\u201d, en los que\ndestacaron la importancia del reconocimiento de los derechos de los pueblos\nind\u00edgenas y la necesidad de que formen parte activa en la toma de decisiones de\nlos gobiernos, particularmente cuando las acciones emprendidas van a\nrepresentar un cambio o afectaci\u00f3n en sus territorios o sistemas comunitarios.<\/p>\n\n\n\n<p>Asimismo,\ndestacaron la importancia de romper estigmas y estereotipos, pues aunque\nnuestra Carta Magna reconoce a M\u00e9xico como una naci\u00f3n pluricultural y\npluri\u00e9tnica sustentada en sus pueblos originarios, a\u00fan se presentan casos de\nviolencia y discriminaci\u00f3n contra personas ind\u00edgenas, por lo que recordaron la\nobligaci\u00f3n de las instituciones para actuar y tomar decisiones basadas en los\nprincipios de Derechos Humanos y en general, para una sana convivencia, por lo\nque destacaron, se deben reconocer las diferencias como una oportunidad para\nvalorar la diversidad que nos caracteriza como naci\u00f3n.<\/p>\n\n\n\n<p>Los talleristas\nrecordaron la obligaci\u00f3n que tienen servidoras y servidores p\u00fablicos cuando\nest\u00e1n en contacto personas de los Pueblos Ind\u00edgenas, pues deben actuar con visi\u00f3n\nde Derechos Humanos y con la sensibilidad de entender la opini\u00f3n de su interlocutor,\nas\u00ed como su cosmovisi\u00f3n, adem\u00e1s de tener la habilidad de encontrar puntos en\ncom\u00fan que les permitan llegar a acuerdos para bien mutuo.\n\nAcerca de las Consultas Ind\u00edgenas en M\u00e9xico,\ndestacaron que se trata de un Derecho fundamental que se vuelve una realidad a\ntrav\u00e9s de la realizaci\u00f3n de ejercicios de esta naturaleza, gracias a que de\nmanera informada, los Pueblos se oponen a que los gobiernos tomen decisiones\nque les afectar\u00e1n y subrayaron que ya se comienza a trazar una normativa\ninteresante en la construcci\u00f3n del reconocimiento por parte de los gobiernos,\npara que en la toma de decisiones hagan las previsiones pertinentes a efecto de\nejecutar acciones bajo el consentimiento informado \n\n\n\n<\/p>\n","protected":false},"excerpt":{"rendered":"<p>Dirigido a los Pueblos y Comunidades Ind\u00edgenas Pachuca de Soto, Hgo.- Durante dos d\u00edas, personal de la Comisi\u00f3n Nacional de Derechos Humanos (CNDH) imparti\u00f3 una serie de talleres al personal del Instituto Estatal Electoral de Hidalgo (IEEH), como parte de la Jornada de Promoci\u00f3n y Difusi\u00f3n de Derechos Humanos de los Pueblos y Comunidades Ind\u00edgenas,<\/p>\n","protected":false},"author":2,"featured_media":44115,"comment_status":"open","ping_status":"closed","sticky":false,"template":"","format":"standard","meta":{"footnotes":""},"categories":[10],"tags":[],"class_list":{"0":"post-44114","1":"post","2":"type-post","3":"status-publish","4":"format-standard","5":"has-post-thumbnail","7":"category-hidalgo"},"_links":{"self":[{"href":"https:\/\/elreporterohgo.com\/noticias\/wp-json\/wp\/v2\/posts\/44114","targetHints":{"allow":["GET"]}}],"collection":[{"href":"https:\/\/elreporterohgo.com\/noticias\/wp-json\/wp\/v2\/posts"}],"about":[{"href":"https:\/\/elreporterohgo.com\/noticias\/wp-json\/wp\/v2\/types\/post"}],"author":[{"embeddable":true,"href":"https:\/\/elreporterohgo.com\/noticias\/wp-json\/wp\/v2\/users\/2"}],"replies":[{"embeddable":true,"href":"https:\/\/elreporterohgo.com\/noticias\/wp-json\/wp\/v2\/comments?post=44114"}],"version-history":[{"count":1,"href":"https:\/\/elreporterohgo.com\/noticias\/wp-json\/wp\/v2\/posts\/44114\/revisions"}],"predecessor-version":[{"id":44116,"href":"https:\/\/elreporterohgo.com\/noticias\/wp-json\/wp\/v2\/posts\/44114\/revisions\/44116"}],"wp:featuredmedia":[{"embeddable":true,"href":"https:\/\/elreporterohgo.com\/noticias\/wp-json\/wp\/v2\/media\/44115"}],"wp:attachment":[{"href":"https:\/\/elreporterohgo.com\/noticias\/wp-json\/wp\/v2\/media?parent=44114"}],"wp:term":[{"taxonomy":"category","embeddable":true,"href":"https:\/\/elreporterohgo.com\/noticias\/wp-json\/wp\/v2\/categories?post=44114"},{"taxonomy":"post_tag","embeddable":true,"href":"https:\/\/elreporterohgo.com\/noticias\/wp-json\/wp\/v2\/tags?post=44114"}],"curies":[{"name":"wp","href":"https:\/\/api.w.org\/{rel}","templated":true}]}}