{"id":44106,"date":"2021-10-31T15:23:06","date_gmt":"2021-10-31T21:23:06","guid":{"rendered":"https:\/\/elreporterohgo.com\/noticias\/?p=44106"},"modified":"2021-10-31T15:25:36","modified_gmt":"2021-10-31T21:25:36","slug":"daniela-cardona-se-convirtio-en-la-mexicana-universal-ciudad-de-mexico","status":"publish","type":"post","link":"https:\/\/elreporterohgo.com\/noticias\/2021\/10\/31\/daniela-cardona-se-convirtio-en-la-mexicana-universal-ciudad-de-mexico\/","title":{"rendered":"Daniela Cardona se convirti\u00f3 en la Mexicana Universal Ciudad de M\u00e9xico"},"content":{"rendered":"\n<p><strong>D<\/strong><\/p>\n\n\n\n<figure class=\"wp-block-image\"><img fetchpriority=\"high\" decoding=\"async\" width=\"539\" height=\"1024\" src=\"https::\/\/elreporterohgo.com\/noticias\/wp-content\/uploads\/2021\/10\/f9f0003a-8d29-4919-b3d7-6b214336f5f6-2-539x1024.jpg\" alt=\"\" class=\"wp-image-44107\" srcset=\"https:\/\/elreporterohgo.com\/noticias\/wp-content\/uploads\/2021\/10\/f9f0003a-8d29-4919-b3d7-6b214336f5f6-2-539x1024.jpg 539w, https:\/\/elreporterohgo.com\/noticias\/wp-content\/uploads\/2021\/10\/f9f0003a-8d29-4919-b3d7-6b214336f5f6-2-158x300.jpg 158w, https:\/\/elreporterohgo.com\/noticias\/wp-content\/uploads\/2021\/10\/f9f0003a-8d29-4919-b3d7-6b214336f5f6-2.jpg 594w\" sizes=\"(max-width: 539px) 100vw, 539px\" \/><\/figure>\n\n\n\n<p>Ciudad de M\u00e9xico.- Entre 152 aspirantes que so\u00f1aban con representar a la capital del pa\u00eds\ndurante un largo proceso surcado por la pandemia de Covid-19, Daniela Cardona destac\u00f3,\nno s\u00f3lo por su belleza, sino tambi\u00e9n por su visi\u00f3n del mundo en los \u00faltimos\ncinco a\u00f1os para convertirse anoche en la Mexicana Universal Ciudad de M\u00e9xico,\ntras superar a las otras 7 finalistas y apuntarse para la final nacional en\nabril de 2022, a celebrarse en el puerto de Veracruz.<\/p>\n\n\n\n<p>Daniela Carmona se convierte, adem\u00e1s, en embajadora de COPARMEX CDMX que\npreside Armando Z\u00fa\u00f1iga Salinas, centro empresarial que particip\u00f3 con el\ncopatrocinio del evento, como de la organizaci\u00f3n a trav\u00e9s del presidente de la Comisi\u00f3n\nde Turismo, Armando Culebro, quienes realizan esfuerzos para potenciar la\nreactivaci\u00f3n de la econom\u00eda de la Ciudad de M\u00e9xico.<\/p>\n\n\n\n<p>Tras la ronda de preguntas sobre temas de inter\u00e9s actual, aderezadas por\nlas porras y aplausos de los familiares y amigos de las ocho finalistas la\nnoche de ayer, el segundo puesto correspondi\u00f3 a Fernanda Guti\u00e9rrez, el tercero fue\npara Kirssa Coste, mientras la cuarta finalista fue Aranxa Pino.<\/p>\n\n\n\n<p>Las otras chicas que al llegar la noche de ayer so\u00f1aron con seguir los\npasos de las Miss Universo mexicanas Lupita Jones, Ximena Navarrete y\nAndrea Meza, fueron Tanya Salum, Itzel Uribe, Xiadani Saucedo y Mar\u00eda Elena\nJim\u00e9nez.<\/p>\n\n\n\n<p>Daniela Cardona, ya con la corona\nsobre su cabeza, resalt\u00f3 que representar\u00e1 a la Ciudad de M\u00e9xico con su belleza\ninterna y siempre aportando algo bueno a todas las personas que la rodean, de\nla misma forma como fue su mensaje tras la pregunta que le permiti\u00f3 ponerse la\nbanda, de acuerdo con el fallo de los jueces. <\/p>\n\n\n\n<p>\u201cEn todo el mundo decidimos hacer una campa\u00f1a contra el pl\u00e1stico para darle\nun respiro al planeta. Cuando menos lo esper\u00e1bamos, una enfermedad desconocida\ncomenz\u00f3 a recorrer nuestro mundo y no tuvimos otra opci\u00f3n m\u00e1s que hacer una\npausa; el mundo por primera vez se detuvo y pudimos ver los cielos despejados,\nlos r\u00edos limpios y por primera vez en mucho tiempo tuvimos espacio para nosotros\nmismos. Hubo mucho miedo, mucho valor, muchas personas salieron a luchar contra\nesta enfermedad, muchos tambi\u00e9n pensaron que esto no era real, y otras personas\nse volcaron a la ciencia para otorgarnos una esperanza; hoy somos una humanidad\nque est\u00e1 curando sus heridas y rehaciendo su futuro\u201d, expres\u00f3.<\/p>\n\n\n\n<p>Aranxa Pino respondi\u00f3 en su oportunidad a la pregunta \u00bfqu\u00e9 har\u00edas si fueras\nJefa de Gobierno?: \u201cContinuar\u00eda con el esquema de vacunaci\u00f3n, ya que es\nimportante que todos los ciudadanos se encuentren fuera de riesgo para que\npuedan retomar sus actividades; el segundo punto ser\u00eda centrarme en las micro,\npeque\u00f1as y medianas empresas, ya que son el pilar de nuestra econom\u00eda y\nprincipales generadoras de empleo; lo har\u00eda a trav\u00e9s del otorgamiento de\ncr\u00e9ditos con mayores facilidades; y el tercer punto ser\u00eda centrarme, sin duda,\nen el sector tur\u00edstico ya que genera una derrama econ\u00f3mica muy importante para\nla Ciudad de M\u00e9xico, y lo har\u00eda a trav\u00e9s de la creaci\u00f3n de eventos masivos de\ninter\u00e9s nacional e internacional\u201d. <\/p>\n\n\n\n<p>Alrededor de 152 j\u00f3venes mujeres de la Ciudad de M\u00e9xico se inscribieron en\nl\u00ednea para participar en el concurso, de las cuales 30 fueron preseleccionadas\npara realizar un casting y de ellas \u00fanicamente ocho llegaron a la final\ncelebrada anoche, dio a conocer Christian de Anda, representante y organizadora\nen esta capital de la plataforma Mexicana Universal que a nivel nacional dirige\nLupita Jones.<\/p>\n\n\n\n<p>\u201cHicimos esta alianza con COPARMEX de la cual estoy s\u00faper orgullosa porque\nlo que estamos buscando es enaltecer que las mujeres no s\u00f3lo son bellas, son\ninteligentes y trabajadoras, y que estamos reactivando la econom\u00eda del pa\u00eds\ntras esta pandemia tan dif\u00edcil, y aqu\u00ed es donde Mexicana Universal le quiere\nmostrar a M\u00e9xico y al mundo que las mujeres bonitas, disciplinadas y\norgullosas, son las mujeres del futuro que van a sacar a este pa\u00eds adelante\u201d.<\/p>\n\n\n\n<p>Armando Z\u00fa\u00f1iga Salinas, presidente de COPARMEX CDMX dijo que este tipo de\neventos ayudan a ver la luz al final el t\u00fanel luego de que la pandemia gener\u00f3\nla p\u00e9rdida de 70 mil unidades de negocio en la Ciudad de M\u00e9xico y con la\ncolaboraci\u00f3n como embajadora de la Mexicana Universal, Daniela Cardona,\ntrabajar\u00e1 para recuperar la confianza en la inversi\u00f3n y poder recuperar todo lo\nperdido. <\/p>\n\n\n\n<p>Presentes en el evento conducido por Luz Rinc\u00f3n y Armando Culebro, estuvieron, adem\u00e1s de Lupita Jones, la actual Mexicana Universal M\u00e9xico 2021, D\u00e9bora Hallal, quien en diciembre representar\u00e1 a nuestro pa\u00eds en el certamen mundial a celebrarse por primera ocasi\u00f3n en Israel, adem\u00e1s de Carolina Lucero, Mexicana Universal CDMX en 2019 para entregar la corona a la nueva representante de la belleza e inteligencia de la Ciudad de M\u00e9xico.<\/p>\n\n\n\n<figure class=\"wp-block-image\"><img decoding=\"async\" width=\"1024\" height=\"666\" src=\"https::\/\/elreporterohgo.com\/noticias\/wp-content\/uploads\/2021\/10\/81ed1fea-7c45-4741-9048-1dea83201f25-2-1024x666.jpg\" alt=\"\" class=\"wp-image-44108\" srcset=\"https:\/\/elreporterohgo.com\/noticias\/wp-content\/uploads\/2021\/10\/81ed1fea-7c45-4741-9048-1dea83201f25-2-1024x666.jpg 1024w, https:\/\/elreporterohgo.com\/noticias\/wp-content\/uploads\/2021\/10\/81ed1fea-7c45-4741-9048-1dea83201f25-2-300x195.jpg 300w, https:\/\/elreporterohgo.com\/noticias\/wp-content\/uploads\/2021\/10\/81ed1fea-7c45-4741-9048-1dea83201f25-2-768x499.jpg 768w, https:\/\/elreporterohgo.com\/noticias\/wp-content\/uploads\/2021\/10\/81ed1fea-7c45-4741-9048-1dea83201f25-2.jpg 1237w\" sizes=\"(max-width: 1024px) 100vw, 1024px\" \/><\/figure>\n\n\n\n<figure class=\"wp-block-image\"><img decoding=\"async\" width=\"1024\" height=\"419\" src=\"https::\/\/elreporterohgo.com\/noticias\/wp-content\/uploads\/2021\/10\/5a5b4e49-d0da-4494-b659-6a72af14bba1-2-1024x419.jpg\" alt=\"\" class=\"wp-image-44109\" srcset=\"https:\/\/elreporterohgo.com\/noticias\/wp-content\/uploads\/2021\/10\/5a5b4e49-d0da-4494-b659-6a72af14bba1-2-1024x419.jpg 1024w, https:\/\/elreporterohgo.com\/noticias\/wp-content\/uploads\/2021\/10\/5a5b4e49-d0da-4494-b659-6a72af14bba1-2-300x123.jpg 300w, https:\/\/elreporterohgo.com\/noticias\/wp-content\/uploads\/2021\/10\/5a5b4e49-d0da-4494-b659-6a72af14bba1-2-768x314.jpg 768w, https:\/\/elreporterohgo.com\/noticias\/wp-content\/uploads\/2021\/10\/5a5b4e49-d0da-4494-b659-6a72af14bba1-2.jpg 1071w\" sizes=\"(max-width: 1024px) 100vw, 1024px\" \/><\/figure>\n","protected":false},"excerpt":{"rendered":"<p>D Ciudad de M\u00e9xico.- Entre 152 aspirantes que so\u00f1aban con representar a la capital del pa\u00eds durante un largo proceso surcado por la pandemia de Covid-19, Daniela Cardona destac\u00f3, no s\u00f3lo por su belleza, sino tambi\u00e9n por su visi\u00f3n del mundo en los \u00faltimos cinco a\u00f1os para convertirse anoche en la Mexicana Universal Ciudad de<\/p>\n","protected":false},"author":2,"featured_media":44108,"comment_status":"open","ping_status":"closed","sticky":false,"template":"","format":"standard","meta":{"footnotes":""},"categories":[10],"tags":[],"class_list":{"0":"post-44106","1":"post","2":"type-post","3":"status-publish","4":"format-standard","5":"has-post-thumbnail","7":"category-hidalgo"},"_links":{"self":[{"href":"https:\/\/elreporterohgo.com\/noticias\/wp-json\/wp\/v2\/posts\/44106","targetHints":{"allow":["GET"]}}],"collection":[{"href":"https:\/\/elreporterohgo.com\/noticias\/wp-json\/wp\/v2\/posts"}],"about":[{"href":"https:\/\/elreporterohgo.com\/noticias\/wp-json\/wp\/v2\/types\/post"}],"author":[{"embeddable":true,"href":"https:\/\/elreporterohgo.com\/noticias\/wp-json\/wp\/v2\/users\/2"}],"replies":[{"embeddable":true,"href":"https:\/\/elreporterohgo.com\/noticias\/wp-json\/wp\/v2\/comments?post=44106"}],"version-history":[{"count":2,"href":"https:\/\/elreporterohgo.com\/noticias\/wp-json\/wp\/v2\/posts\/44106\/revisions"}],"predecessor-version":[{"id":44111,"href":"https:\/\/elreporterohgo.com\/noticias\/wp-json\/wp\/v2\/posts\/44106\/revisions\/44111"}],"wp:featuredmedia":[{"embeddable":true,"href":"https:\/\/elreporterohgo.com\/noticias\/wp-json\/wp\/v2\/media\/44108"}],"wp:attachment":[{"href":"https:\/\/elreporterohgo.com\/noticias\/wp-json\/wp\/v2\/media?parent=44106"}],"wp:term":[{"taxonomy":"category","embeddable":true,"href":"https:\/\/elreporterohgo.com\/noticias\/wp-json\/wp\/v2\/categories?post=44106"},{"taxonomy":"post_tag","embeddable":true,"href":"https:\/\/elreporterohgo.com\/noticias\/wp-json\/wp\/v2\/tags?post=44106"}],"curies":[{"name":"wp","href":"https:\/\/api.w.org\/{rel}","templated":true}]}}