{"id":44096,"date":"2021-10-30T22:39:16","date_gmt":"2021-10-31T03:39:16","guid":{"rendered":"https:\/\/elreporterohgo.com\/noticias\/?p=44096"},"modified":"2021-10-30T22:39:17","modified_gmt":"2021-10-31T03:39:17","slug":"uaeh-valorar-cempasuchil-como-patrimonio-de-mexico","status":"publish","type":"post","link":"https:\/\/elreporterohgo.com\/noticias\/2021\/10\/30\/uaeh-valorar-cempasuchil-como-patrimonio-de-mexico\/","title":{"rendered":"UAEH valorar cempas\u00fachil como patrimonio de M\u00e9xico"},"content":{"rendered":"\n<p><strong>E<\/strong><\/p>\n\n\n\n<figure class=\"wp-block-image\"><img fetchpriority=\"high\" decoding=\"async\" width=\"1024\" height=\"512\" src=\"https::\/\/elreporterohgo.com\/noticias\/wp-content\/uploads\/2021\/10\/01-9-1024x512.jpg\" alt=\"\" class=\"wp-image-44097\" srcset=\"https:\/\/elreporterohgo.com\/noticias\/wp-content\/uploads\/2021\/10\/01-9-1024x512.jpg 1024w, https:\/\/elreporterohgo.com\/noticias\/wp-content\/uploads\/2021\/10\/01-9-300x150.jpg 300w, https:\/\/elreporterohgo.com\/noticias\/wp-content\/uploads\/2021\/10\/01-9-768x384.jpg 768w, https:\/\/elreporterohgo.com\/noticias\/wp-content\/uploads\/2021\/10\/01-9.jpg 1920w\" sizes=\"(max-width: 1024px) 100vw, 1024px\" \/><\/figure>\n\n\n\n<p>Pachuca de Soto, Hidalgo. \u2013 Historias, tradiciones,\nconocimiento ancestral, as\u00ed como diferentes usos son lo que envuelve el m\u00edstico\naroma y el color encendido de las flores de Cempas\u00fachil, que constituyen un\npatrimonio biocultural de M\u00e9xico el cual deber\u00eda ser mejor conocido, valorado y\ncompartido, as\u00ed lo considera la profesora investigadora de la Universidad\nAut\u00f3noma del Estado de Hidalgo (UAEH), Mar\u00eda del Carmen L\u00f3pez Ram\u00edrez. <\/p>\n\n\n\n<p>Adscrita al \u00c1rea Acad\u00e9mica de Biolog\u00eda, la profesora\ninvestigadora subray\u00f3 la importancia de saber m\u00e1s acerca de la flor de\ncempas\u00fachil pues hay detr\u00e1s una historia precolombina, poscolonial, diferentes\nusos, y un conocimiento ancestral. \u201cEn la medida que conozcamos esta\ninformaci\u00f3n de primera mano, a trav\u00e9s de las comunidades originarias, vamos a\naprender del valor de nuestros recursos, m\u00e1s all\u00e1 de lo econ\u00f3mico\u201d, afirm\u00f3. <\/p>\n\n\n\n<p>\u201cLo importante es no olvidar, reconocer su importancia\ny compartir ese conocimiento, mientras hagamos eso, vamos a darle el valor que\nposee este recurso\u201d, se\u00f1al\u00f3 la investigadora, quien trabaja las l\u00edneas de\ninvestigaci\u00f3n de Historia Ambiental, y Patrimonio Biocultural \u2013referente al\nsaber sobre plantas, animales y paisaje-. <\/p>\n\n\n\n<p>La flor de Cempas\u00fachil es originaria de M\u00e9xico y su\nnombre proviene del n\u00e1huatl \u201cCempohualxochitl\u201d que significa \u201cveinte flores\u201d o\n\u201cvarias flores\u201d. Explic\u00f3 que la flor de cempas\u00fachil cobra una gran relevancia\ncultural al simbolizar la celebraci\u00f3n del D\u00eda de Muertos, seg\u00fan la creencia,\nson el punto de conexi\u00f3n entre este y el otro mundo, pues se dice que el color\nde esta flor ilumina el camino y el aroma gu\u00eda a las almas de los difuntos\nhacia el altar que colocaron sus familiares. <\/p>\n\n\n\n<p>Adem\u00e1s de su uso ceremonial y ornamental para el altar\nde D\u00eda de Muertos, la flor de cempas\u00fachil tambi\u00e9n se utiliza como repelente de\ninsectos, como pigmento, bactericida, neutralizador de olores, as\u00ed como\nmedicina para animales y personas, principalmente para tratar problemas\nestomacales mediante infusiones o t\u00e9s, o bien, machacada o como ingrediente\npara otros alimentos. <\/p>\n\n\n\n<p>Dichos usos se han documentado en los c\u00f3dices\nFlorentino y el Badiano -considerado como el texto m\u00e1s antiguo de medicina\nescrito en Am\u00e9rica-, que re\u00fanen el saber de los ancianos nahuas de las\ncomunidades de aquel siglo XVI. En estos documentos tambi\u00e9n se refiere al uso\nceremonial en diferentes temporadas del a\u00f1o. \u201cGracias a la conservaci\u00f3n de las\nlenguas originarias y las tradiciones de muchas culturas originarias de M\u00e9xico,\nconservamos el uso y conocimiento de esta especie del cempas\u00fachil\u201d, coment\u00f3 la\nespecialista. <\/p>\n\n\n\n<p>En los c\u00f3dices igualmente se documenta que en las\nceremonias de los nahuas, un grupo ol\u00eda la flor como una forma de comunicarse\ncon sus dioses y otros elementos en los que ellos cre\u00edan. \u201cNosotros seguimos\ndiciendo que su aroma y color de estas flores es una fuente de comunicaci\u00f3n con\nlos muertos\u201d, coment\u00f3 la doctora perteneciente al Instituto de Ciencias B\u00e1sicas\ne Ingenier\u00eda (ICBI). <\/p>\n\n\n\n<p>Aunque existen varias especies de flor de cempas\u00fachil,\nlas personas muestran preferencia por aquellas con m\u00e1s p\u00e9talos pues resultan\nm\u00e1s adecuadas para los adornos. \u201cM\u00e9xico est\u00e1 tratando de conservar el\npatrimonio que representan estas flores, aunque tambi\u00e9n hay otros tagetes\n(flores de cempas\u00fachil) que vienen de otros sitios por sus caracter\u00edsticas quiz\u00e1\nest\u00e1n ganando terreno frente a otras especies mexicanas\u201d, mencion\u00f3. <\/p>\n\n\n\n<p>Al recomendar el documento \u201cGu\u00eda para conocer el\ngermoplasma mexicano del Cempohualxochitl\u201d, de Miguel \u00c1ngel Serrato Cruz y\notros colaboradores, refiri\u00f3 que este estudio documenta que la flor de\ncempas\u00fachil como un recurso natural y elemento cultural de gran relevancia tiene\ndiferentes especies y sus caracter\u00edsticas. El Tagete Esp\u00e1tula es el m\u00e1s famoso\npara el D\u00eda de Muertos, de entre cerca de 50 especies que existen en M\u00e9xico. <\/p>\n\n\n\n<p>La flor de cempas\u00fachil, sostuvo la doctora, puede ser\nestudiada desde diferentes disciplinas cient\u00edficas, desde la bot\u00e1nica hasta la\neconom\u00eda para analizar planes de desarrollo econ\u00f3mico a partir de la producci\u00f3n\ny comercializaci\u00f3n de esta especie; desde la sociolog\u00eda y la antropolog\u00eda para\nconocer el papel de esta flor a trav\u00e9s de las tradiciones de las \u00e9pocas y las\nsociedades, entre otros enfoques de estudio que se pueden encontrar. <\/p>\n","protected":false},"excerpt":{"rendered":"<p>E Pachuca de Soto, Hidalgo. \u2013 Historias, tradiciones, conocimiento ancestral, as\u00ed como diferentes usos son lo que envuelve el m\u00edstico aroma y el color encendido de las flores de Cempas\u00fachil, que constituyen un patrimonio biocultural de M\u00e9xico el cual deber\u00eda ser mejor conocido, valorado y compartido, as\u00ed lo considera la profesora investigadora de la Universidad<\/p>\n","protected":false},"author":2,"featured_media":44097,"comment_status":"open","ping_status":"closed","sticky":false,"template":"","format":"standard","meta":{"footnotes":""},"categories":[10],"tags":[],"class_list":{"0":"post-44096","1":"post","2":"type-post","3":"status-publish","4":"format-standard","5":"has-post-thumbnail","7":"category-hidalgo"},"_links":{"self":[{"href":"https:\/\/elreporterohgo.com\/noticias\/wp-json\/wp\/v2\/posts\/44096","targetHints":{"allow":["GET"]}}],"collection":[{"href":"https:\/\/elreporterohgo.com\/noticias\/wp-json\/wp\/v2\/posts"}],"about":[{"href":"https:\/\/elreporterohgo.com\/noticias\/wp-json\/wp\/v2\/types\/post"}],"author":[{"embeddable":true,"href":"https:\/\/elreporterohgo.com\/noticias\/wp-json\/wp\/v2\/users\/2"}],"replies":[{"embeddable":true,"href":"https:\/\/elreporterohgo.com\/noticias\/wp-json\/wp\/v2\/comments?post=44096"}],"version-history":[{"count":1,"href":"https:\/\/elreporterohgo.com\/noticias\/wp-json\/wp\/v2\/posts\/44096\/revisions"}],"predecessor-version":[{"id":44098,"href":"https:\/\/elreporterohgo.com\/noticias\/wp-json\/wp\/v2\/posts\/44096\/revisions\/44098"}],"wp:featuredmedia":[{"embeddable":true,"href":"https:\/\/elreporterohgo.com\/noticias\/wp-json\/wp\/v2\/media\/44097"}],"wp:attachment":[{"href":"https:\/\/elreporterohgo.com\/noticias\/wp-json\/wp\/v2\/media?parent=44096"}],"wp:term":[{"taxonomy":"category","embeddable":true,"href":"https:\/\/elreporterohgo.com\/noticias\/wp-json\/wp\/v2\/categories?post=44096"},{"taxonomy":"post_tag","embeddable":true,"href":"https:\/\/elreporterohgo.com\/noticias\/wp-json\/wp\/v2\/tags?post=44096"}],"curies":[{"name":"wp","href":"https:\/\/api.w.org\/{rel}","templated":true}]}}