{"id":44073,"date":"2021-10-29T23:02:34","date_gmt":"2021-10-30T04:02:34","guid":{"rendered":"https:\/\/elreporterohgo.com\/noticias\/?p=44073"},"modified":"2021-10-29T23:02:36","modified_gmt":"2021-10-30T04:02:36","slug":"omar-fayad-destaco-la-importancia-de-los-pueblos-magicos-en-mexico","status":"publish","type":"post","link":"https:\/\/elreporterohgo.com\/noticias\/2021\/10\/29\/omar-fayad-destaco-la-importancia-de-los-pueblos-magicos-en-mexico\/","title":{"rendered":"Omar Fayad destac\u00f3 la importancia de los Pueblos M\u00e1gicos en M\u00e9xico"},"content":{"rendered":"\n<figure class=\"wp-block-image\"><img fetchpriority=\"high\" decoding=\"async\" width=\"1024\" height=\"683\" src=\"https::\/\/elreporterohgo.com\/noticias\/wp-content\/uploads\/2021\/10\/unnamed-2021-10-29T225944.344-1024x683.jpg\" alt=\"\" class=\"wp-image-44074\" srcset=\"https:\/\/elreporterohgo.com\/noticias\/wp-content\/uploads\/2021\/10\/unnamed-2021-10-29T225944.344-1024x683.jpg 1024w, https:\/\/elreporterohgo.com\/noticias\/wp-content\/uploads\/2021\/10\/unnamed-2021-10-29T225944.344-300x200.jpg 300w, https:\/\/elreporterohgo.com\/noticias\/wp-content\/uploads\/2021\/10\/unnamed-2021-10-29T225944.344-768x512.jpg 768w\" sizes=\"(max-width: 1024px) 100vw, 1024px\" \/><\/figure>\n\n\n\n<p>Pachuca,\nHgo.- Con una transmisi\u00f3n en las redes sociales de la Secretar\u00eda de Turismo\nfederal y del gobernador Omar Fayad, as\u00ed como en la plataforma del Tianguis de\nPueblos M\u00e1gicos, inici\u00f3 la tercera edici\u00f3n del encuentro, que por segundo a\u00f1o\nconsecutivo se realiza de manera virtual.<\/p>\n\n\n\n<p>El jefe\ndel Ejecutivo hidalguense invit\u00f3 a la ciudadan\u00eda a participar en esta\nexposici\u00f3n y descubrir la magia de M\u00e9xico e Hidalgo.<\/p>\n\n\n\n<p>En su\nmensaje Omar Fayad destac\u00f3 la importancia de los Pueblos M\u00e1gicos en M\u00e9xico, ya\nque impulsan la democratizaci\u00f3n del turismo, permiten que la actividad sea m\u00e1s\naccesible, fortalecen el comercio local, acercan a los visitantes a la naturaleza,\na la multiculturalidad que tiene el pa\u00eds e impulsan el cuidado del medio\nambiente.<\/p>\n\n\n\n<p>Nuestros\nPueblos M\u00e1gicos, subray\u00f3, son el nuevo rostro de M\u00e9xico para el mundo y, sin\nduda alguna, coadyuvan de manera significativa en la reactivaci\u00f3n econ\u00f3mica durante\ny despu\u00e9s de la pandemia, a trav\u00e9s de sus servicios como restaurantes,\nhospedaje y comercios.<\/p>\n\n\n\n<p>Detall\u00f3\nque son ocho m\u00f3dulos los que integran la plataforma digital, entre los que destacan:\nel Pabell\u00f3n de los 132 Pueblos M\u00e1gicos, el de Negocios, el Gastron\u00f3mico y el\ndel pa\u00eds invitado: Qatar.<\/p>\n\n\n\n<p>Con\nello, los participantes y los posibles visitantes conocer\u00e1n tours, paquetes,\nrutas, gastronom\u00eda y la oferta tur\u00edstica en general de las 32 entidades\nfederativas.<\/p>\n\n\n\n<p>Con la\npresencia virtual del embajador de Qatar en M\u00e9xico, Mohammed Alkuwari, el\nsecretario de Turismo, Miguel Torruco Marqu\u00e9s record\u00f3 que para el Gobierno de\nM\u00e9xico y para el presidente Andr\u00e9s Manuel L\u00f3pez Obrador, ha sido una premisa hacer\ndel turismo una herramienta de reconciliaci\u00f3n social, que permita a la sociedad\nmexicana ser part\u00edcipe, de una manera justa y equilibrada, de las bondades de\nla actividad tur\u00edstica.<\/p>\n\n\n\n<p>Torruco\nMarqu\u00e9s reconoci\u00f3 en Omar Fayad a un gobernador entusiasta e impulsor del\nturismo y de los Pueblos M\u00e1gicos.<\/p>\n\n\n\n<p>Subray\u00f3\nla coordinaci\u00f3n con el gobierno de Hidalgo en este tianguis virtual, el cual\nimpulsa y fortalece la estrategia nacional de que esta actividad sea integral y\nas\u00ed involucrar a todos los sectores que competen, para hacer un turismo para el\ndesarrollo de M\u00e9xico y sus regiones.<\/p>\n\n\n\n<p>Indic\u00f3\nque recientemente se public\u00f3 la Estrategia Nacional de Pueblos M\u00e1gicos,\ndocumento rector que permitir\u00e1 transitar de un esquema fundamentalmente basado\nen infraestructura, a un modelo integral de gesti\u00f3n, innovador, con una orientaci\u00f3n\ntransversal hacia la sostenibilidad y la integraci\u00f3n de todos quienes est\u00e1n\ninvolucrados en el turismo.<\/p>\n\n\n\n<p>Bajo la\nreferida filosof\u00eda, especific\u00f3, estos destinos deben ser ejemplo de transici\u00f3n:\nde un desarrollo tur\u00edstico, a un turismo para el desarrollo, donde el bienestar\ndel residente y visitante sea el centro de toda acci\u00f3n de gobierno.<\/p>\n\n\n\n<p>El\ntitular de la Secretar\u00eda de Turismo de Hidalgo, Eduardo Ba\u00f1os G\u00f3mez, resalt\u00f3 la\nimportancia de generar turismo, ya que es un sector que aporta de manera\nsignificativa al desarrollo econ\u00f3mico del pa\u00eds.<\/p>\n\n\n\n<p>Agreg\u00f3\nque entre las actividades del tianguis se realizar\u00e1n citas de negocios,\nintercambio de mercanc\u00edas, de experiencias, de cultura y de tradiciones.<\/p>\n","protected":false},"excerpt":{"rendered":"<p>Pachuca, Hgo.- Con una transmisi\u00f3n en las redes sociales de la Secretar\u00eda de Turismo federal y del gobernador Omar Fayad, as\u00ed como en la plataforma del Tianguis de Pueblos M\u00e1gicos, inici\u00f3 la tercera edici\u00f3n del encuentro, que por segundo a\u00f1o consecutivo se realiza de manera virtual. El jefe del Ejecutivo hidalguense invit\u00f3 a la ciudadan\u00eda<\/p>\n","protected":false},"author":2,"featured_media":44074,"comment_status":"open","ping_status":"closed","sticky":false,"template":"","format":"standard","meta":{"footnotes":""},"categories":[10],"tags":[],"class_list":{"0":"post-44073","1":"post","2":"type-post","3":"status-publish","4":"format-standard","5":"has-post-thumbnail","7":"category-hidalgo"},"_links":{"self":[{"href":"https:\/\/elreporterohgo.com\/noticias\/wp-json\/wp\/v2\/posts\/44073","targetHints":{"allow":["GET"]}}],"collection":[{"href":"https:\/\/elreporterohgo.com\/noticias\/wp-json\/wp\/v2\/posts"}],"about":[{"href":"https:\/\/elreporterohgo.com\/noticias\/wp-json\/wp\/v2\/types\/post"}],"author":[{"embeddable":true,"href":"https:\/\/elreporterohgo.com\/noticias\/wp-json\/wp\/v2\/users\/2"}],"replies":[{"embeddable":true,"href":"https:\/\/elreporterohgo.com\/noticias\/wp-json\/wp\/v2\/comments?post=44073"}],"version-history":[{"count":1,"href":"https:\/\/elreporterohgo.com\/noticias\/wp-json\/wp\/v2\/posts\/44073\/revisions"}],"predecessor-version":[{"id":44075,"href":"https:\/\/elreporterohgo.com\/noticias\/wp-json\/wp\/v2\/posts\/44073\/revisions\/44075"}],"wp:featuredmedia":[{"embeddable":true,"href":"https:\/\/elreporterohgo.com\/noticias\/wp-json\/wp\/v2\/media\/44074"}],"wp:attachment":[{"href":"https:\/\/elreporterohgo.com\/noticias\/wp-json\/wp\/v2\/media?parent=44073"}],"wp:term":[{"taxonomy":"category","embeddable":true,"href":"https:\/\/elreporterohgo.com\/noticias\/wp-json\/wp\/v2\/categories?post=44073"},{"taxonomy":"post_tag","embeddable":true,"href":"https:\/\/elreporterohgo.com\/noticias\/wp-json\/wp\/v2\/tags?post=44073"}],"curies":[{"name":"wp","href":"https:\/\/api.w.org\/{rel}","templated":true}]}}