{"id":44047,"date":"2021-10-28T20:11:57","date_gmt":"2021-10-29T01:11:57","guid":{"rendered":"https:\/\/elreporterohgo.com\/noticias\/?p=44047"},"modified":"2021-10-28T20:11:59","modified_gmt":"2021-10-29T01:11:59","slug":"localizan-a-adolescente-desaparecida-en-el-edomex","status":"publish","type":"post","link":"https:\/\/elreporterohgo.com\/noticias\/2021\/10\/28\/localizan-a-adolescente-desaparecida-en-el-edomex\/","title":{"rendered":"Localizan a adolescente desaparecida en el EdoM\u00e9x"},"content":{"rendered":"\n<p><br><\/p>\n\n\n\n<p>En atenci\u00f3n a una denuncia ciudadana, agentes de la Secretar\u00eda de Seguridad P\u00fablica de Hidalgo localizaron, en el municipio de Jacala, a una adolescente reportada como desaparecida en el Estado de M\u00e9xico.<\/p>\n\n\n\n<p>A trav\u00e9s de una ficha de b\u00fasqueda emitida por la Fiscal\u00eda de Personas Desaparecidas de la entidad vecina, personal de la Agencia de Seguridad Estatal realiz\u00f3 la b\u00fasqueda de la joven de 15 a\u00f1os en la cabecera municipal, donde, se pensaba, pudiera encontrarse.<\/p>\n\n\n\n<figure class=\"wp-block-image\"><img fetchpriority=\"high\" decoding=\"async\" width=\"492\" height=\"805\" src=\"https::\/\/elreporterohgo.com\/noticias\/wp-content\/uploads\/2021\/10\/9D62F269-E494-4CB9-996A-B08B5DEA350B.jpeg\" alt=\"\" class=\"wp-image-44048\" srcset=\"https:\/\/elreporterohgo.com\/noticias\/wp-content\/uploads\/2021\/10\/9D62F269-E494-4CB9-996A-B08B5DEA350B.jpeg 492w, https:\/\/elreporterohgo.com\/noticias\/wp-content\/uploads\/2021\/10\/9D62F269-E494-4CB9-996A-B08B5DEA350B-183x300.jpeg 183w\" sizes=\"(max-width: 492px) 100vw, 492px\" \/><\/figure>\n\n\n\n<p>Durante las acciones, en un local comercial fue ubicada en compa\u00f1\u00eda de un adulto de 23 a\u00f1os, que fue presentado ante el Ministerio P\u00fablico para la aclaraci\u00f3n correspondiente.<\/p>\n\n\n\n<p>Con el apoyo de la familia, que lleg\u00f3 procedente de Atlacomulco, Estado de M\u00e9xico, de donde la adolescente es originaria, agentes estatales iniciaron los tr\u00e1mites legales mediante los protocolos establecidos.<\/p>\n","protected":false},"excerpt":{"rendered":"<p>En atenci\u00f3n a una denuncia ciudadana, agentes de la Secretar\u00eda de Seguridad P\u00fablica de Hidalgo localizaron, en el municipio de Jacala, a una adolescente reportada como desaparecida en el Estado de M\u00e9xico. A trav\u00e9s de una ficha de b\u00fasqueda emitida por la Fiscal\u00eda de Personas Desaparecidas de la entidad vecina, personal de la Agencia de<\/p>\n","protected":false},"author":2,"featured_media":44048,"comment_status":"open","ping_status":"closed","sticky":false,"template":"","format":"standard","meta":{"footnotes":""},"categories":[10],"tags":[],"class_list":{"0":"post-44047","1":"post","2":"type-post","3":"status-publish","4":"format-standard","5":"has-post-thumbnail","7":"category-hidalgo"},"_links":{"self":[{"href":"https:\/\/elreporterohgo.com\/noticias\/wp-json\/wp\/v2\/posts\/44047","targetHints":{"allow":["GET"]}}],"collection":[{"href":"https:\/\/elreporterohgo.com\/noticias\/wp-json\/wp\/v2\/posts"}],"about":[{"href":"https:\/\/elreporterohgo.com\/noticias\/wp-json\/wp\/v2\/types\/post"}],"author":[{"embeddable":true,"href":"https:\/\/elreporterohgo.com\/noticias\/wp-json\/wp\/v2\/users\/2"}],"replies":[{"embeddable":true,"href":"https:\/\/elreporterohgo.com\/noticias\/wp-json\/wp\/v2\/comments?post=44047"}],"version-history":[{"count":1,"href":"https:\/\/elreporterohgo.com\/noticias\/wp-json\/wp\/v2\/posts\/44047\/revisions"}],"predecessor-version":[{"id":44049,"href":"https:\/\/elreporterohgo.com\/noticias\/wp-json\/wp\/v2\/posts\/44047\/revisions\/44049"}],"wp:featuredmedia":[{"embeddable":true,"href":"https:\/\/elreporterohgo.com\/noticias\/wp-json\/wp\/v2\/media\/44048"}],"wp:attachment":[{"href":"https:\/\/elreporterohgo.com\/noticias\/wp-json\/wp\/v2\/media?parent=44047"}],"wp:term":[{"taxonomy":"category","embeddable":true,"href":"https:\/\/elreporterohgo.com\/noticias\/wp-json\/wp\/v2\/categories?post=44047"},{"taxonomy":"post_tag","embeddable":true,"href":"https:\/\/elreporterohgo.com\/noticias\/wp-json\/wp\/v2\/tags?post=44047"}],"curies":[{"name":"wp","href":"https:\/\/api.w.org\/{rel}","templated":true}]}}